{"id":53998,"date":"2024-09-13T12:10:49","date_gmt":"2024-09-13T15:10:49","guid":{"rendered":"http:\/\/www.sincomam.org.br\/?p=53998"},"modified":"2024-09-13T12:10:49","modified_gmt":"2024-09-13T15:10:49","slug":"zanin-prorroga-prazo-para-conclusao-de-acordo-sobre-desoneracao","status":"publish","type":"post","link":"https:\/\/www.sincomam.org.br\/index.php\/zanin-prorroga-prazo-para-conclusao-de-acordo-sobre-desoneracao\/","title":{"rendered":"Zanin prorroga prazo para conclus\u00e3o de acordo sobre desonera\u00e7\u00e3o"},"content":{"rendered":"<p>O ministro Cristiano Zanin, do Supremo Tribunal Federal (STF), concedeu nesta quinta-feira (12) prazo de tr\u00eas dias \u00fateis para que o governo federal e o Congresso finalizem o acordo sobre a desonera\u00e7\u00e3o de impostos sobre a folha de pagamento de 17 setores da economia e de determinados munic\u00edpios at\u00e9 2027.<img decoding=\"async\" src=\"https:\/\/agenciabrasil.ebc.com.br\/ebc.png?id=1611916&amp;o=node\" \/><img decoding=\"async\" src=\"https:\/\/agenciabrasil.ebc.com.br\/ebc.gif?id=1611916&amp;o=node\" \/><\/p>\n<p>O ministro atendeu ao pedido da Advocacia-Geral da Uni\u00e3o (AGU) para estender o prazo de suspens\u00e3o de sua pr\u00f3pria liminar contra a desonera\u00e7\u00e3o. A medida permitiu o acordo no qual o governo e Congresso decidiram pela reonera\u00e7\u00e3o gradual dos setores a partir de 2025.<\/p>\n<p>Ontem (11), a C\u00e2mara dos Deputados\u00a0<a href=\"https:\/\/agenciabrasil.ebc.com.br\/politica\/noticia\/2024-09\/camara-conclui-votacao-da-desoneracao-da-folha-de-pagamento\" target=\"_blank\" rel=\"noopener\">aprovou o Projeto de Lei (PL) n\u00ba 1.847\/24<\/a>. O texto prop\u00f5e transi\u00e7\u00e3o de tr\u00eas anos para o fim da desonera\u00e7\u00e3o da folha de pagamento. Com a aprova\u00e7\u00e3o, a mat\u00e9ria vai para san\u00e7\u00e3o presidencial.<\/p>\n<p>A primeira prorroga\u00e7\u00e3o de prazo foi aceita no dia 25 de abril pelo ministro, que concedeu liminar para suspender a desonera\u00e7\u00e3o de impostos sobre a folha de pagamento. Zanin entendeu que a aprova\u00e7\u00e3o da desonera\u00e7\u00e3o pelo Congresso n\u00e3o indicou o impacto financeiro nas contas p\u00fablicas.<\/p>\n<p>No m\u00eas seguinte, Zanin acatou pedido da AGU e suspendeu a desonera\u00e7\u00e3o novamente por 60 dias para permitir que o Congresso e o governo chegassem ao acordo de compensa\u00e7\u00e3o.<\/p>\n<p>Fonte: Ag\u00eancia Brasil<\/p>\n","protected":false},"excerpt":{"rendered":"<p>O ministro Cristiano Zanin, do Supremo Tribunal Federal (STF), concedeu nesta quinta-feira (12) prazo de tr\u00eas dias \u00fateis para que o governo federal e o&#8230;<\/p>\n","protected":false},"author":1527,"featured_media":54002,"comment_status":"closed","ping_status":"closed","sticky":false,"template":"","format":"standard","meta":{"footnotes":""},"categories":[6],"tags":[],"class_list":["post-53998","post","type-post","status-publish","format-standard","has-post-thumbnail","hentry","category-noticias"],"_links":{"self":[{"href":"https:\/\/www.sincomam.org.br\/index.php\/wp-json\/wp\/v2\/posts\/53998","targetHints":{"allow":["GET"]}}],"collection":[{"href":"https:\/\/www.sincomam.org.br\/index.php\/wp-json\/wp\/v2\/posts"}],"about":[{"href":"https:\/\/www.sincomam.org.br\/index.php\/wp-json\/wp\/v2\/types\/post"}],"author":[{"embeddable":true,"href":"https:\/\/www.sincomam.org.br\/index.php\/wp-json\/wp\/v2\/users\/1527"}],"replies":[{"embeddable":true,"href":"https:\/\/www.sincomam.org.br\/index.php\/wp-json\/wp\/v2\/comments?post=53998"}],"version-history":[{"count":1,"href":"https:\/\/www.sincomam.org.br\/index.php\/wp-json\/wp\/v2\/posts\/53998\/revisions"}],"predecessor-version":[{"id":54003,"href":"https:\/\/www.sincomam.org.br\/index.php\/wp-json\/wp\/v2\/posts\/53998\/revisions\/54003"}],"wp:featuredmedia":[{"embeddable":true,"href":"https:\/\/www.sincomam.org.br\/index.php\/wp-json\/wp\/v2\/media\/54002"}],"wp:attachment":[{"href":"https:\/\/www.sincomam.org.br\/index.php\/wp-json\/wp\/v2\/media?parent=53998"}],"wp:term":[{"taxonomy":"category","embeddable":true,"href":"https:\/\/www.sincomam.org.br\/index.php\/wp-json\/wp\/v2\/categories?post=53998"},{"taxonomy":"post_tag","embeddable":true,"href":"https:\/\/www.sincomam.org.br\/index.php\/wp-json\/wp\/v2\/tags?post=53998"}],"curies":[{"name":"wp","href":"https:\/\/api.w.org\/{rel}","templated":true}]}}