{"id":53918,"date":"2024-09-10T07:56:39","date_gmt":"2024-09-10T10:56:39","guid":{"rendered":"http:\/\/www.sincomam.org.br\/?p=53918"},"modified":"2024-09-10T07:56:39","modified_gmt":"2024-09-10T10:56:39","slug":"seca-no-rio-madeira-e-queimadas-afetam-moradores-de-porto-velho","status":"publish","type":"post","link":"https:\/\/www.sincomam.org.br\/index.php\/seca-no-rio-madeira-e-queimadas-afetam-moradores-de-porto-velho\/","title":{"rendered":"Seca no Rio Madeira e queimadas afetam moradores de Porto Velho"},"content":{"rendered":"<p>A popula\u00e7\u00e3o de Porto Velho, em Rond\u00f4nia, enfrenta dificuldades por causa da combina\u00e7\u00e3o da estiagem e as queimadas. O Rio Madeira, que banha a cidade, atingiu a cota 0,96 metros, o menor n\u00edvel observado desde o in\u00edcio da s\u00e9rie hist\u00f3rica do Servi\u00e7o Geol\u00f3gico Brasileiro, h\u00e1 60 anos.<img decoding=\"async\" src=\"https:\/\/agenciabrasil.ebc.com.br\/ebc.png?id=1611241&amp;o=node\" \/><img decoding=\"async\" src=\"https:\/\/agenciabrasil.ebc.com.br\/ebc.gif?id=1611241&amp;o=node\" \/><\/p>\n<p>Segundo a presidente da Associa\u00e7\u00e3o dos Agentes de Ecoturismo e T\u00e1xis Fluviais do Rio Jamari e Adjac\u00eancias do Rio Madeira, Nagila Maria Paula de Oliveira, o transporte de passageiros e cargas ficou invi\u00e1vel em v\u00e1rios trechos do rio, deixando popula\u00e7\u00f5es isoladas sem acesso aos servi\u00e7os essenciais b\u00e1sicos.<\/p>\n<p>\u201cEm alguns lugares \u00e9 preciso andar quil\u00f4metros por onde passa o rio, e em outros lugares, como na boca do Jamari, s\u00f3 chegam os bandeirinhas [transporte fluvial] menores, que carregam at\u00e9 cinco passageiros\u201d, explicou.<\/p>\n<p>Nagila, que vive no distrito de S\u00e3o Carlos do Jamari, disse que por l\u00e1 os po\u00e7os artesianos est\u00e3o contingenciados por causa do baixo volume de \u00e1gua, e em localidades onde n\u00e3o existe essa estrutura foi necess\u00e1ria a distribui\u00e7\u00e3o de \u00e1gua mineral pela gest\u00e3o municipal.<\/p>\n<p>De acordo com a Defesa Civil, durante o per\u00edodo de agosto a outubro, est\u00e1 prevista a entrega de 120 mil litros de \u00e1gua mineral nas comunidades Silveira, S\u00e3o Miguel, Mutuns, Pau D\u2019Arco, Cujubim, Bom Jardim e Marmelo por meio terrestre, e as embarca\u00e7\u00f5es atender\u00e3o as comunidades de Curicacas, Pombal, S\u00e3o Jos\u00e9, Ilha Nova e Concei\u00e7\u00e3o do Galera.<\/p>\n<p>A\u00a0regi\u00e3o tamb\u00e9m permanece encoberta pela fuma\u00e7a dos inc\u00eandios\u00a0que atingem todo o estado. De acordo com o Programa Queimadas do Instituto Nacional de Pesquisas Espaciais (Inpe), nas \u00faltimas semanas o estado registrou 56 focos de inc\u00eandio, que podem representar centenas de frentes de fogo. Porto Velho aparece como o 23\u00ba munic\u00edpio com mais \u00e1reas atingidas pelo fogo entre domingo (8) e esta segunda-feira (9).<\/p>\n<p>\u201cTem muita gente passando mal e a fuma\u00e7a \u00e9 tanta que mal a gente consegue ver o rio\u201d, disse Nagila.<\/p>\n<p>Na sexta-feira (6), a Secretaria Municipal de Sa\u00fade divulgou orienta\u00e7\u00f5es \u00e0 popula\u00e7\u00e3o de como minimizar os impactos das queimadas e do clima seco, com medidas simples como a de manter a hidrata\u00e7\u00e3o, realizar inala\u00e7\u00e3o com soro fisiol\u00f3gico, umidificar o ambiente, proteger os olhos, al\u00e9m de n\u00e3o fazer uso do fogo para queimar o lixo.<\/p>\n<p>O governo do estado informou ter intensificado as a\u00e7\u00f5es de combate aos inc\u00eandios, com a mobiliza\u00e7\u00e3o de diversos \u00f3rg\u00e3os estaduais e o apoio de institui\u00e7\u00f5es federais.<\/p>\n<p>Fonte: Ag\u00eancia Brasil<\/p>\n","protected":false},"excerpt":{"rendered":"<p>A popula\u00e7\u00e3o de Porto Velho, em Rond\u00f4nia, enfrenta dificuldades por causa da combina\u00e7\u00e3o da estiagem e as queimadas. O Rio Madeira, que banha a cidade,&#8230;<\/p>\n","protected":false},"author":1527,"featured_media":53920,"comment_status":"closed","ping_status":"closed","sticky":false,"template":"","format":"standard","meta":{"footnotes":""},"categories":[6],"tags":[],"class_list":["post-53918","post","type-post","status-publish","format-standard","has-post-thumbnail","hentry","category-noticias"],"_links":{"self":[{"href":"https:\/\/www.sincomam.org.br\/index.php\/wp-json\/wp\/v2\/posts\/53918","targetHints":{"allow":["GET"]}}],"collection":[{"href":"https:\/\/www.sincomam.org.br\/index.php\/wp-json\/wp\/v2\/posts"}],"about":[{"href":"https:\/\/www.sincomam.org.br\/index.php\/wp-json\/wp\/v2\/types\/post"}],"author":[{"embeddable":true,"href":"https:\/\/www.sincomam.org.br\/index.php\/wp-json\/wp\/v2\/users\/1527"}],"replies":[{"embeddable":true,"href":"https:\/\/www.sincomam.org.br\/index.php\/wp-json\/wp\/v2\/comments?post=53918"}],"version-history":[{"count":1,"href":"https:\/\/www.sincomam.org.br\/index.php\/wp-json\/wp\/v2\/posts\/53918\/revisions"}],"predecessor-version":[{"id":53921,"href":"https:\/\/www.sincomam.org.br\/index.php\/wp-json\/wp\/v2\/posts\/53918\/revisions\/53921"}],"wp:featuredmedia":[{"embeddable":true,"href":"https:\/\/www.sincomam.org.br\/index.php\/wp-json\/wp\/v2\/media\/53920"}],"wp:attachment":[{"href":"https:\/\/www.sincomam.org.br\/index.php\/wp-json\/wp\/v2\/media?parent=53918"}],"wp:term":[{"taxonomy":"category","embeddable":true,"href":"https:\/\/www.sincomam.org.br\/index.php\/wp-json\/wp\/v2\/categories?post=53918"},{"taxonomy":"post_tag","embeddable":true,"href":"https:\/\/www.sincomam.org.br\/index.php\/wp-json\/wp\/v2\/tags?post=53918"}],"curies":[{"name":"wp","href":"https:\/\/api.w.org\/{rel}","templated":true}]}}