{"id":53896,"date":"2024-09-10T07:45:15","date_gmt":"2024-09-10T10:45:15","guid":{"rendered":"http:\/\/www.sincomam.org.br\/?p=53896"},"modified":"2024-09-10T07:45:15","modified_gmt":"2024-09-10T10:45:15","slug":"pacote-de-investimentos-acelera-a-economia-azul-no-brasil","status":"publish","type":"post","link":"https:\/\/www.sincomam.org.br\/index.php\/pacote-de-investimentos-acelera-a-economia-azul-no-brasil\/","title":{"rendered":"Pacote de investimentos acelera a Economia Azul no Brasil"},"content":{"rendered":"<p class=\"text-align-justify\">Um passo estrat\u00e9gico e inovador do Brasil: ser refer\u00eancia no cen\u00e1rio mundial e l\u00edder no Atl\u00e2ntico Sul no que diz respeito \u00e0 Economia Azul. Gra\u00e7as ao fomento da cultura oce\u00e2nica &#8211; a exemplo da inclus\u00e3o da Amaz\u00f4nia Azul no mapa pol\u00edtico brasileiro e livros did\u00e1ticos escolares \u00a0e do reconhecimento da import\u00e2ncia do mar, tendo em conta a incorpora\u00e7\u00e3o das quest\u00f5es mar\u00edtimas dentre os <a href=\"https:\/\/oceandecade.org\/pt\/\" target=\"_blank\" rel=\"noopener\">Objetivos de Desenvolvimento Sustent\u00e1vel definidos pela Organiza\u00e7\u00e3o das Na\u00e7\u00f5es Unidas<\/a> -, diversos setores (governo, empresa e academia) trabalham em conjunto para elaborar pesquisas e projetos sobre a conserva\u00e7\u00e3o e uso sustent\u00e1vel dos oceanos, dos mares e dos recursos marinhos em prol do desenvolvimento de uma economia sustent\u00e1vel nesse ambiente.<\/p>\n<p class=\"text-align-justify\">O Banco Nacional de Desenvolvimento Econ\u00f4mico e Social (BNDES) lan\u00e7ou, em janeiro deste ano, um pacote de investimentos, o BNDES Azul, uma iniciativa que busca gerar sinergias e abrir novas frentes de crescimento no mar. O apoio do Banco j\u00e1 apresentou resultados para o Planejamento Espacial Marinho (PEM), que foi um dos assuntos debatidos no evento \u201cA relev\u00e2ncia do BNDES Azul para a Economia Azul do Pa\u00eds\u201d, promovido pelo Centro de Excel\u00eancia para o Mar Brasileiro (Cembra), em agosto.<\/p>\n<figure><\/figure>\n<p class=\"text-align-justify\">O ex-Comandante da Marinha do Brasil (MB) e atual Coordenador de Rela\u00e7\u00f5es Institucionais e de Desenvolvimento de Novos Neg\u00f3cios do Cluster Tecnol\u00f3gico Naval-RJ, Almirante de Esquadra, da reserva remunerada, Ilques Barbosa Junior, foi o palestrante convidado, ao lado da Gerente de Meio Ambiente do BNDES, Vanessa Mesquita Braga. Quem n\u00e3o p\u00f4de acompanhar o debate ao vivo, pode assistir no canal oficial do Cembra no YouTube.<\/p>\n<h5 class=\"text-align-justify\">N\u00fameros revelam a import\u00e2ncia da Economia Azul<\/h5>\n<p class=\"text-align-justify\">Estudos da Organiza\u00e7\u00e3o para a Coopera\u00e7\u00e3o e Desenvolvimento Econ\u00f4mico (OCDE) indicam que, at\u00e9 2030, \u00e9 previsto um crescimento anual de 3,5% para as ind\u00fastrias globais baseadas nos oceanos, com perspectiva de gera\u00e7\u00e3o de milh\u00f5es de empregos. Ainda de acordo com as proje\u00e7\u00f5es da OCDE, a demanda pelo com\u00e9rcio mar\u00edtimo triplicar\u00e1 entre 2015 e 2050, respondendo os navios por mais de 75% do transporte global de carga.<\/p>\n<p class=\"text-align-justify\">Mais de 95% do com\u00e9rcio exterior brasileiro se d\u00e1 por via mar\u00edtima; e, da Amaz\u00f4nia Azul, s\u00e3o extra\u00eddos cerca de 95% do petr\u00f3leo, 80% do g\u00e1s natural e 45% do pescado produzidos no Pa\u00eds. Cerca de 80% da popula\u00e7\u00e3o brasileira vive em uma faixa de at\u00e9 200 quil\u00f4metros do litoral, sendo 17 estados e 16 das cidades mais populosas que se encontram na regi\u00e3o costeira.<\/p>\n<p class=\"text-align-justify\">O Brasil \u00e9 um dos pa\u00edses do mundo com maior extens\u00e3o de \u00e1rea mar\u00edtima. O olhar para a economia do mar traz uma dimens\u00e3o socioecon\u00f4mica e ambiental importante. Desta forma, o Brasil se antecipa a uma futura exig\u00eancia de sustentabilidade em \u00e2mbito mundial e se coloca em vantagem competitiva e comparativa a outros pa\u00edses.<\/p>\n<h5 class=\"text-align-justify\">A relev\u00e2ncia do BNDES Azul para a Economia Azul<\/h5>\n<p class=\"text-align-justify\">O BNDES Azul avan\u00e7ou nos seguintes campos: execu\u00e7\u00e3o do PEM da regi\u00e3o Sul do Pa\u00eds; \u00a0finaliza\u00e7\u00e3o do processo de contrata\u00e7\u00e3o do PEM do Sudeste ainda neste ano; lan\u00e7amento do edital do PEM Norte com previs\u00e3o para o fim de 2024; PEM Nordeste tamb\u00e9m j\u00e1 est\u00e1 em desenvolvimento. \u201cO PEM, hoje, no Brasil \u00e9 uma realidade. N\u00e3o \u00e9 mais uma meta. \u00c9 uma realidade, sendo implementada. Estamos na vanguarda. O Brasil vai ser projetado dentro da agenda \u2018azul\u2019\u201d, afirmou a gerente de Meio Ambiente do BNDES.<\/p>\n<p class=\"text-align-justify\">As iniciativas do BNDES Azul ainda contemplam recursos, pesquisas e a\u00e7\u00f5es para preservar corais e manguezais; bem como atividades de incentivo \u00e0 descarboniza\u00e7\u00e3o da frota naval &#8211; pesquisas cient\u00edficas sobre como podemos extrair solu\u00e7\u00f5es do mar para promover a captura de carbono e enfrentar a descarboniza\u00e7\u00e3o &#8211; \u00a0e \u00e0 infraestrutura portu\u00e1ria.<\/p>\n<p class=\"text-align-justify\">A Economia Azul tem aparecido com mais frequ\u00eancia nas discuss\u00f5es, principalmente no que se refere ao \u201cclima e suas consequ\u00eancias e processos econ\u00f4micos de transi\u00e7\u00e3o justa\u201d, enfatizou Vanessa Mesquita. Ela alertou para a urg\u00eancia de que \u201cainda h\u00e1 o que amadurecer sobre uma atua\u00e7\u00e3o integrada\u201d. \u00a0Um dos maiores desafios da Economia Azul \u00e9 abranger iniciativas que envolvam: biodiversidade marinha; energias n\u00e3o-renov\u00e1veis offshore, energias renov\u00e1veis offshore; ind\u00fastria naval; Marinha do Brasil e defesa; Marinha Mercante e com\u00e9rcio; minera\u00e7\u00e3o marinha; pesca e aquicultura; transporte e log\u00edstica; e turismo e esporte.<\/p>\n<p class=\"text-align-justify\">Para o ex-Comandante da MB, o oceano \u00e9 o centro de gravidade pol\u00edtico, estrat\u00e9gico, cient\u00edfico, econ\u00f4mico e ambiental. \u201cPrecisamos fortalecer nossos la\u00e7os no que se refere aos centros de conhecimento, de capacita\u00e7\u00e3o e de lideran\u00e7as no mundo da comunidade mar\u00edtima\u201d.<\/p>\n<p class=\"text-align-justify\">Fonte: Ag\u00eancia Marinha de Not\u00edcias<\/p>\n","protected":false},"excerpt":{"rendered":"<p>Um passo estrat\u00e9gico e inovador do Brasil: ser refer\u00eancia no cen\u00e1rio mundial e l\u00edder no Atl\u00e2ntico Sul no que diz respeito \u00e0 Economia Azul. Gra\u00e7as&#8230;<\/p>\n","protected":false},"author":1527,"featured_media":53654,"comment_status":"closed","ping_status":"closed","sticky":false,"template":"","format":"standard","meta":{"footnotes":""},"categories":[6],"tags":[],"class_list":["post-53896","post","type-post","status-publish","format-standard","has-post-thumbnail","hentry","category-noticias"],"_links":{"self":[{"href":"https:\/\/www.sincomam.org.br\/index.php\/wp-json\/wp\/v2\/posts\/53896","targetHints":{"allow":["GET"]}}],"collection":[{"href":"https:\/\/www.sincomam.org.br\/index.php\/wp-json\/wp\/v2\/posts"}],"about":[{"href":"https:\/\/www.sincomam.org.br\/index.php\/wp-json\/wp\/v2\/types\/post"}],"author":[{"embeddable":true,"href":"https:\/\/www.sincomam.org.br\/index.php\/wp-json\/wp\/v2\/users\/1527"}],"replies":[{"embeddable":true,"href":"https:\/\/www.sincomam.org.br\/index.php\/wp-json\/wp\/v2\/comments?post=53896"}],"version-history":[{"count":1,"href":"https:\/\/www.sincomam.org.br\/index.php\/wp-json\/wp\/v2\/posts\/53896\/revisions"}],"predecessor-version":[{"id":53898,"href":"https:\/\/www.sincomam.org.br\/index.php\/wp-json\/wp\/v2\/posts\/53896\/revisions\/53898"}],"wp:featuredmedia":[{"embeddable":true,"href":"https:\/\/www.sincomam.org.br\/index.php\/wp-json\/wp\/v2\/media\/53654"}],"wp:attachment":[{"href":"https:\/\/www.sincomam.org.br\/index.php\/wp-json\/wp\/v2\/media?parent=53896"}],"wp:term":[{"taxonomy":"category","embeddable":true,"href":"https:\/\/www.sincomam.org.br\/index.php\/wp-json\/wp\/v2\/categories?post=53896"},{"taxonomy":"post_tag","embeddable":true,"href":"https:\/\/www.sincomam.org.br\/index.php\/wp-json\/wp\/v2\/tags?post=53896"}],"curies":[{"name":"wp","href":"https:\/\/api.w.org\/{rel}","templated":true}]}}