{"id":53885,"date":"2024-09-09T06:07:54","date_gmt":"2024-09-09T09:07:54","guid":{"rendered":"http:\/\/www.sincomam.org.br\/?p=53885"},"modified":"2024-09-08T13:51:13","modified_gmt":"2024-09-08T16:51:13","slug":"rio-madeira-bate-minima-historica-ribeirinhos-agora-caminham-onde-so-era-possivel-passar-de-barco","status":"publish","type":"post","link":"https:\/\/www.sincomam.org.br\/index.php\/rio-madeira-bate-minima-historica-ribeirinhos-agora-caminham-onde-so-era-possivel-passar-de-barco\/","title":{"rendered":"Rio Madeira bate m\u00ednima hist\u00f3rica; ribeirinhos agora caminham onde s\u00f3 era poss\u00edvel passar de barco"},"content":{"rendered":"<div id=\"chunk-4jh0d\">\n<div class=\"mc-column content-text active-extra-styles \" data-block-type=\"unstyled\" data-block-weight=\"57\" data-block-id=\"2\">\n<p class=\" content-text__container \" data-track-category=\"Link no Texto\" data-track-links=\"\" data-mrf-recirculation=\"Article links\">O n\u00edvel do rio Madeira continua abaixando e batendo m\u00ednimas hist\u00f3ricas. Na manh\u00e3 deste s\u00e1bado (7), ele chegou a 91 cent\u00edmetros, a menor cota j\u00e1 registrada desde 1967, quando esse monitoramento come\u00e7ou a ser feito. O novo recorde aconteceu apenas\u00a0dois dias depois de o rio ficar abaixo de um metro pela primeira vez na hist\u00f3ria.<\/p>\n<\/div>\n<\/div>\n<div class=\"wall protected-content\">\n<div id=\"chunk-7knvi\">\n<div class=\"mc-column content-text active-extra-styles \" data-block-type=\"unstyled\" data-block-weight=\"42\" data-block-id=\"4\">\n<p class=\" content-text__container \" data-track-category=\"Link no Texto\" data-track-links=\"\" data-mrf-recirculation=\"Article links\">Os dados s\u00e3o do Servi\u00e7o Geol\u00f3gico do Brasil, que come\u00e7ou a monitorar o Madeira em 1967.\u00a0Desde julho o rio vem batendo uma sequ\u00eancia de n\u00edveis nunca vistos.\u00a0A seca t\u00e3o extrema, sobretudo nos meses de julho e agosto, \u00e9 in\u00e9dita.<\/p>\n<\/div>\n<\/div>\n<div id=\"chunk-750h7\">\n<div class=\"mc-column content-text active-extra-styles \" data-block-type=\"unstyled\" data-block-weight=\"39\" data-block-id=\"5\">\n<p class=\" content-text__container \" data-track-category=\"Link no Texto\" data-track-links=\"\" data-mrf-recirculation=\"Article links\">O cen\u00e1rio afeta diretamente a vida de fam\u00edlias ribeirinhas que viviam \u00e0s margens do rio. O rio que batia na porta de casa foi secando gradativamente e se distanciando a ponto de ser necess\u00e1rio andar quil\u00f4metros at\u00e9 encontr\u00e1-lo.<\/p>\n<p data-track-category=\"Link no Texto\" data-track-links=\"\" data-mrf-recirculation=\"Article links\">V\u00eddeos gravados por moradores da comunidade de Itapu\u00e3, cerca de 200 km de\u00a0Porto Velho, mostram a realidade que as fam\u00edlias enfrentam nos \u00faltimos meses. Ribeirinhos que trabalham com a produ\u00e7\u00e3o e o escoamento de bananas, percorrem a p\u00e9 por campos de areia que se formaram onde antes s\u00f3 existia \u00e1gua<b>.<\/b><\/p>\n<div id=\"chunk-2cjm2\">\n<div class=\"mc-column content-text active-extra-styles \" data-block-type=\"unstyled\" data-block-weight=\"35\" data-block-id=\"9\">\n<p class=\" content-text__container \" data-track-category=\"Link no Texto\" data-track-links=\"\" data-mrf-recirculation=\"Article links\">Valdino Costa tem 35 anos e nasceu na comunidade ribeirinha de Itapu\u00e3. Desde muito jovem, trabalha com escoamento de banana e relatou que essa \u00e9 a primeira vez que enfrenta uma estiagem t\u00e3o severa.<\/p>\n<\/div>\n<\/div>\n<div id=\"chunk-24fd2\">\n<div class=\"mc-column content-text active-extra-styles \" data-block-type=\"unstyled\" data-block-weight=\"70\" data-block-id=\"10\">\n<p class=\" content-text__container \" data-track-category=\"Link no Texto\" data-track-links=\"\" data-mrf-recirculation=\"Article links\">Em entrevista, Valdino conta que o trabalho na regi\u00e3o est\u00e1 dif\u00edcil, pois com a seca do rio, as \u00e1guas recuaram, abrindo espa\u00e7o para grandes campos de areia. Ele explica que parte do trajeto de escoamento do produto \u00e9 feito pelo rio, e como a margem das \u00e1guas est\u00e1 distante, ele e outros produtores precisam percorrer mais do que de costume para descarregar o produto no barco.<\/p>\n<p data-track-category=\"Link no Texto\" data-track-links=\"\" data-mrf-recirculation=\"Article links\">Outro problema que atinge as comunidades ribeirinhas \u00e9 a falta de \u00e1gua pot\u00e1vel.\u00a0Ribeirinhos vivem com menos de 50 litros de \u00e1gua por dia para toda a fam\u00edlia,\u00a0a quantidade abaixo do recomendado para suprir as necessidades b\u00e1sicas de uma pessoa, que seria de 110 litros, segundo a Organiza\u00e7\u00e3o das Na\u00e7\u00f5es Unidas (ONU).<\/p>\n<div id=\"chunk-7j30a\">\n<div class=\"mc-column content-text active-extra-styles \" data-block-type=\"unstyled\" data-block-weight=\"35\" data-block-id=\"15\">\n<p class=\" content-text__container \" data-track-category=\"Link no Texto\" data-track-links=\"\" data-mrf-recirculation=\"Article links\">Atualmente, existem 52 comunidades ribeirinhas em Porto Velho, \u00e0s margens do rio Madeira. S\u00e3o quase 1,5 mil quil\u00f4metros de extens\u00e3o em \u00e1gua doce. Ainda assim, os ribeirinhos n\u00e3o possuem acesso \u00e0 \u00e1gua tratada e encanada.<\/p>\n<\/div>\n<\/div>\n<div id=\"chunk-a5b55\">\n<div class=\"tag-manager-publicidade-container mc-has-reveal mc-has-ad-lazyload tag-manager-publicidade-banner_materia__c6476d25-68bd-406c-a717-b85118fb78a1 tag-manager-publicidade-container--carregado tag-manager-publicidade-container--visivel\" data-id=\"banner_materia__c6476d25-68bd-406c-a717-b85118fb78a1\" data-google-query-id=\"CIScsdHms4gDFTdIuAQdDdoMJA\">\n<div id=\"chunk-63if2\">\n<div class=\"mc-column content-text active-extra-styles \" data-block-type=\"unstyled\" data-block-weight=\"35\" data-block-id=\"17\">\n<p class=\" content-text__container \" data-track-category=\"Link no Texto\" data-track-links=\"\" data-mrf-recirculation=\"Article links\">Para auxiliar no tratamento da \u00e1gua consumida por ribeirinhos, a Defesa Civil Municipal de Porto Velho distribui kits de hipoclorito de s\u00f3dio, uma subst\u00e2ncia que &#8220;limpa&#8221; a \u00e1gua que agora est\u00e1 sendo consumida pela popula\u00e7\u00e3o.<\/p>\n<\/div>\n<\/div>\n<div id=\"chunk-cu82e\">\n<div class=\"mc-column content-text active-extra-styles \" data-block-type=\"unstyled\" data-block-weight=\"47\" data-block-id=\"18\">\n<p class=\" content-text__container \" data-track-category=\"Link no Texto\" data-track-links=\"\" data-mrf-recirculation=\"Article links\">Al\u00e9m disso, o projeto de constru\u00e7\u00e3o de po\u00e7os artesianos em comunidades e distritos localizadas ao longo do rio Madeira continua ocorrendo. Segundo a prefeitura, o projeto \u00e9 executado em parceria com o Servi\u00e7o Geol\u00f3gico Brasileiro (SGB) e visa &#8220;facilitar a distribui\u00e7\u00e3o de \u00e1gua pot\u00e1vel&#8221; para as comunidades.<\/p>\n<\/div>\n<\/div>\n<div id=\"chunk-a3vp1\">\n<div class=\"mc-column content-text active-extra-styles \" data-block-type=\"unstyled\" data-block-weight=\"36\" data-block-id=\"19\">\n<p class=\" content-text__container \" data-track-category=\"Link no Texto\" data-track-links=\"\" data-mrf-recirculation=\"Article links\">O cen\u00e1rio de seca na propor\u00e7\u00e3o de 2024 \u00e9 t\u00e3o in\u00e9dito que para continuar acompanhando as cotas do rio, em caso de redu\u00e7\u00e3o, o SGB precisou instalar uma nova r\u00e9gua que v\u00e1 at\u00e9 0 cent\u00edmetros.<\/p>\n<\/div>\n<\/div>\n<div id=\"chunk-2sr3j\">\n<div class=\"mc-column content-text active-extra-styles\" data-block-type=\"raw\" data-block-weight=\"3\" data-block-id=\"20\">\n<p class=\"content-text__container\" data-mrf-recirculation=\"Article links\"><strong>Recordes de queimadas<\/strong><\/p>\n<p>A seca e a estiagem vem acompanhadas de um outro grande problema: as queimadas. Em 2024, Rond\u00f4nia bateu recordes. Entre janeiro e 5 de setembro foram registrados 7.282 focos: a maior quantidade dos \u00faltimos 14 anos para o per\u00edodo.<\/p>\n<\/div>\n<\/div>\n<div id=\"chunk-4sm5n\">\n<div class=\"mc-column content-text active-extra-styles \" data-block-type=\"unstyled\" data-block-weight=\"31\" data-block-id=\"22\">\n<p class=\" content-text__container \" data-track-category=\"Link no Texto\" data-track-links=\"\" data-mrf-recirculation=\"Article links\">A \u00faltima vez que o estado de Rond\u00f4nia registrou uma quantidade t\u00e3o significativa entre janeiro e setembro foi em 2010, com uma diferen\u00e7a muito pequena. Na ocasi\u00e3o foram identificados 7.293 focos.<\/p>\n<\/div>\n<\/div>\n<div id=\"chunk-be4c4\">\n<div class=\"mc-column content-text active-extra-styles\" data-block-type=\"raw\" data-block-weight=\"3\" data-block-id=\"23\">\n<p class=\"content-text__container\" data-mrf-recirculation=\"Article links\"><strong>Gera\u00e7\u00e3o de energia<\/strong><\/p>\n<p>O baixo n\u00edvel do rio Madeira afeta na gera\u00e7\u00e3o de energia para todo pa\u00eds. Isso porque duas das maiores hidrel\u00e9tricas do Brasil est\u00e3o instaladas em Rond\u00f4nia: Jirau e Santo Ant\u00f4nio.<\/p>\n<\/div>\n<\/div>\n<div id=\"chunk-cojbc\">\n<div class=\"content-ads content-ads--reveal\" data-block-type=\"ads\" data-block-id=\"25\">A hidrel\u00e9trica de Santo Ant\u00f4nio atualmente funciona com apenas 14% das turbinas. Grande parte das m\u00e1quinas foram paralisadas por causa da baixa vaz\u00e3o do rio. Apesar disso, a empresa continua gerando energia para todo pa\u00eds.<\/div>\n<\/div>\n<div id=\"chunk-7521f\">\n<div class=\"mc-column content-text active-extra-styles \" data-block-type=\"unstyled\" data-block-weight=\"50\" data-block-id=\"27\">\n<p class=\" content-text__container \" data-track-category=\"Link no Texto\" data-track-links=\"\" data-mrf-recirculation=\"Article links\">A ANA j\u00e1 admitiu a possibilidade de paralisa\u00e7\u00e3o da hidrel\u00e9trica de Santo Ant\u00f4nio por causa da seca.\u00a0O risco se deve ao funcionamento da usina, em formato de \u201cfio d\u2019\u00e1gua\u201d, que n\u00e3o armazena muita \u00e1gua em seu reservat\u00f3rio e depende do fluxo do rio para manter as turbinas em funcionamento.<\/p>\n<\/div>\n<\/div>\n<div id=\"chunk-40e3a\">\n<div class=\"mc-column content-text active-extra-styles \" data-block-type=\"unstyled\" data-block-weight=\"22\" data-block-id=\"28\">\n<p class=\" content-text__container \" data-track-category=\"Link no Texto\" data-track-links=\"\" data-mrf-recirculation=\"Article links\">A hidrel\u00e9trica possui 50 turbinas com uma capacidade instalada de 3.568 Megawatts, suficiente para atender ao consumo de 45 milh\u00f5es de pessoas.<\/p>\n<p data-track-category=\"Link no Texto\" data-track-links=\"\" data-mrf-recirculation=\"Article links\">Fonte: G1<\/p>\n<\/div>\n<\/div>\n<\/div>\n<\/div>\n<\/div>\n<\/div>\n<\/div>\n<\/div>\n<\/div>\n","protected":false},"excerpt":{"rendered":"<p>O n\u00edvel do rio Madeira continua abaixando e batendo m\u00ednimas hist\u00f3ricas. Na manh\u00e3 deste s\u00e1bado (7), ele chegou a 91 cent\u00edmetros, a menor cota j\u00e1&#8230;<\/p>\n","protected":false},"author":1527,"featured_media":53887,"comment_status":"closed","ping_status":"closed","sticky":false,"template":"","format":"standard","meta":{"footnotes":""},"categories":[6],"tags":[],"class_list":["post-53885","post","type-post","status-publish","format-standard","has-post-thumbnail","hentry","category-noticias"],"_links":{"self":[{"href":"https:\/\/www.sincomam.org.br\/index.php\/wp-json\/wp\/v2\/posts\/53885","targetHints":{"allow":["GET"]}}],"collection":[{"href":"https:\/\/www.sincomam.org.br\/index.php\/wp-json\/wp\/v2\/posts"}],"about":[{"href":"https:\/\/www.sincomam.org.br\/index.php\/wp-json\/wp\/v2\/types\/post"}],"author":[{"embeddable":true,"href":"https:\/\/www.sincomam.org.br\/index.php\/wp-json\/wp\/v2\/users\/1527"}],"replies":[{"embeddable":true,"href":"https:\/\/www.sincomam.org.br\/index.php\/wp-json\/wp\/v2\/comments?post=53885"}],"version-history":[{"count":1,"href":"https:\/\/www.sincomam.org.br\/index.php\/wp-json\/wp\/v2\/posts\/53885\/revisions"}],"predecessor-version":[{"id":53888,"href":"https:\/\/www.sincomam.org.br\/index.php\/wp-json\/wp\/v2\/posts\/53885\/revisions\/53888"}],"wp:featuredmedia":[{"embeddable":true,"href":"https:\/\/www.sincomam.org.br\/index.php\/wp-json\/wp\/v2\/media\/53887"}],"wp:attachment":[{"href":"https:\/\/www.sincomam.org.br\/index.php\/wp-json\/wp\/v2\/media?parent=53885"}],"wp:term":[{"taxonomy":"category","embeddable":true,"href":"https:\/\/www.sincomam.org.br\/index.php\/wp-json\/wp\/v2\/categories?post=53885"},{"taxonomy":"post_tag","embeddable":true,"href":"https:\/\/www.sincomam.org.br\/index.php\/wp-json\/wp\/v2\/tags?post=53885"}],"curies":[{"name":"wp","href":"https:\/\/api.w.org\/{rel}","templated":true}]}}