{"id":53878,"date":"2024-09-09T06:05:21","date_gmt":"2024-09-09T09:05:21","guid":{"rendered":"http:\/\/www.sincomam.org.br\/?p=53878"},"modified":"2024-09-08T13:47:19","modified_gmt":"2024-09-08T16:47:19","slug":"stf-retoma-julgamento-sobre-validade-do-trabalho-intermitente","status":"publish","type":"post","link":"https:\/\/www.sincomam.org.br\/index.php\/stf-retoma-julgamento-sobre-validade-do-trabalho-intermitente\/","title":{"rendered":"STF retoma julgamento sobre validade do trabalho intermitente"},"content":{"rendered":"<p>O Supremo Tribunal Federal (STF) retomou nesta sexta-feira (6) o julgamento sobre a constitucionalidade do contrato de trabalho intermitente, inserido na Consolida\u00e7\u00e3o das Leis do Trabalho (CLT) pela reforma trabalhista de 2017.<img decoding=\"async\" src=\"https:\/\/agenciabrasil.ebc.com.br\/ebc.png?id=1610933&amp;o=node\" \/><img decoding=\"async\" src=\"https:\/\/agenciabrasil.ebc.com.br\/ebc.gif?id=1610933&amp;o=node\" \/><\/p>\n<p>Os tr\u00eas processos que tratam da quest\u00e3o s\u00e3o julgados em sess\u00e3o virtual, que ser\u00e1 finalizada no dia 13 de setembro. O julgamento foi suspenso em 2020.<\/p>\n<p>At\u00e9 as 20h30 desta sexta-feira, o placar da vota\u00e7\u00e3o era de 3 votos a 2 para manter a validade da modalidade de trabalho intermitente. Os votos foram proferidos na a\u00e7\u00e3o protocolada pela Federa\u00e7\u00e3o Nacional dos Empregados em Postos de Servi\u00e7os de Combust\u00edveis e Derivados de Petr\u00f3leo.<\/p>\n<p>Os ministros Nunes Marques, Alexandre de Moraes e Andr\u00e9 Mendon\u00e7a votaram pela validade do modelo. O relator, Edson Fachin, e a ministra Rosa Weber, que se manifestou antes da aposentadoria, consideraram o trabalho intermitente inconstitucional.<\/p>\n<p>A quest\u00e3o tamb\u00e9m \u00e9 julgada nas a\u00e7\u00f5es protocoladas pela Federa\u00e7\u00e3o Nacional dos Trabalhadores em Empresas de Telecomunica\u00e7\u00f5es e Operadores de Mesas Telef\u00f4nicas e a Confedera\u00e7\u00e3o Nacional dos Trabalhadores na Ind\u00fastria. Nessas a\u00e7\u00f5es, o placar est\u00e1 2 a 1 a favor do trabalho intermitente.<\/p>\n<p>Para as entidades, o modelo favorece a precariza\u00e7\u00e3o da rela\u00e7\u00e3o de emprego e o pagamento de remunera\u00e7\u00f5es abaixo do sal\u00e1rio m\u00ednimo, al\u00e9m de impedir a organiza\u00e7\u00e3o coletiva dos trabalhadores.<\/p>\n<p>Conforme definido na reforma trabalhista, o trabalhador intermitente recebe por horas ou dias trabalhados, e tem f\u00e9rias, FGTS e d\u00e9cimo terceiro sal\u00e1rio de forma proporcional ao per\u00edodo trabalhado. No contrato, \u00e9 definido o valor da hora de trabalho, que n\u00e3o pode ser inferior ao sal\u00e1rio m\u00ednimo por hora ou \u00e0 remunera\u00e7\u00e3o dos demais empregados que exer\u00e7am a mesma fun\u00e7\u00e3o.<\/p>\n<p>O empregado deve ser convocado com, no m\u00ednimo, tr\u00eas dias corridos de anteced\u00eancia. No per\u00edodo de inatividade, pode prestar servi\u00e7os a outras empresas.<\/p>\n<p>Fonte: Ag\u00eancia Brasil<\/p>\n","protected":false},"excerpt":{"rendered":"<p>O Supremo Tribunal Federal (STF) retomou nesta sexta-feira (6) o julgamento sobre a constitucionalidade do contrato de trabalho intermitente, inserido na Consolida\u00e7\u00e3o das Leis do&#8230;<\/p>\n","protected":false},"author":1527,"featured_media":47406,"comment_status":"closed","ping_status":"closed","sticky":false,"template":"","format":"standard","meta":{"footnotes":""},"categories":[6],"tags":[],"class_list":["post-53878","post","type-post","status-publish","format-standard","has-post-thumbnail","hentry","category-noticias"],"_links":{"self":[{"href":"https:\/\/www.sincomam.org.br\/index.php\/wp-json\/wp\/v2\/posts\/53878","targetHints":{"allow":["GET"]}}],"collection":[{"href":"https:\/\/www.sincomam.org.br\/index.php\/wp-json\/wp\/v2\/posts"}],"about":[{"href":"https:\/\/www.sincomam.org.br\/index.php\/wp-json\/wp\/v2\/types\/post"}],"author":[{"embeddable":true,"href":"https:\/\/www.sincomam.org.br\/index.php\/wp-json\/wp\/v2\/users\/1527"}],"replies":[{"embeddable":true,"href":"https:\/\/www.sincomam.org.br\/index.php\/wp-json\/wp\/v2\/comments?post=53878"}],"version-history":[{"count":1,"href":"https:\/\/www.sincomam.org.br\/index.php\/wp-json\/wp\/v2\/posts\/53878\/revisions"}],"predecessor-version":[{"id":53880,"href":"https:\/\/www.sincomam.org.br\/index.php\/wp-json\/wp\/v2\/posts\/53878\/revisions\/53880"}],"wp:featuredmedia":[{"embeddable":true,"href":"https:\/\/www.sincomam.org.br\/index.php\/wp-json\/wp\/v2\/media\/47406"}],"wp:attachment":[{"href":"https:\/\/www.sincomam.org.br\/index.php\/wp-json\/wp\/v2\/media?parent=53878"}],"wp:term":[{"taxonomy":"category","embeddable":true,"href":"https:\/\/www.sincomam.org.br\/index.php\/wp-json\/wp\/v2\/categories?post=53878"},{"taxonomy":"post_tag","embeddable":true,"href":"https:\/\/www.sincomam.org.br\/index.php\/wp-json\/wp\/v2\/tags?post=53878"}],"curies":[{"name":"wp","href":"https:\/\/api.w.org\/{rel}","templated":true}]}}