{"id":53855,"date":"2024-09-06T06:49:35","date_gmt":"2024-09-06T09:49:35","guid":{"rendered":"http:\/\/www.sincomam.org.br\/?p=53855"},"modified":"2024-09-06T06:49:35","modified_gmt":"2024-09-06T09:49:35","slug":"diretores-participam-de-seminario-sobre-novos-horizontes-para-o-marco-legal-dos-portos","status":"publish","type":"post","link":"https:\/\/www.sincomam.org.br\/index.php\/diretores-participam-de-seminario-sobre-novos-horizontes-para-o-marco-legal-dos-portos\/","title":{"rendered":"Diretores participam de semin\u00e1rio sobre novos horizontes para o Marco Legal dos Portos"},"content":{"rendered":"<p dir=\"ltr\">Diretores da Ag\u00eancia Nacional de Transportes Aquavi\u00e1rios (ANTAQ) participaram, nesta quinta-feira (05), do semin\u00e1rio \u201cNovos Horizontes do Marco Legal Portu\u00e1rio no Brasil\u201d, que aconteceu no audit\u00f3rio do Tribunal Superior do Trabalho (TST).<\/p>\n<p dir=\"ltr\">Estavam presentes o diretor-geral da ANTAQ, Eduardo Nery, e os diretores Flavia Takafashi e Wilson Lima Filho. Participaram ainda do evento, a secret\u00e1ria-executiva do Minist\u00e9rio de Portos e Aeroportos, Mariana Pescatori, e outros representantes do setor.<\/p>\n<p dir=\"ltr\">O encontro foi promovido pela Comiss\u00e3o de Juristas para Revis\u00e3o Legal da Explora\u00e7\u00e3o de Portos e das Instala\u00e7\u00f5es Portu\u00e1rias (CEPORTOS) &#8211; a qual Nery integra &#8211; e teve como objetivo apresentar debates promovidos no \u00e2mbito da comiss\u00e3o.<\/p>\n<p dir=\"ltr\">Entre os temas da comiss\u00e3o, que foi institu\u00edda no final de 2023, est\u00e3o: Temas Gerais da Atividade Portu\u00e1ria; Rela\u00e7\u00f5es de Trabalho e Qualifica\u00e7\u00e3o da m\u00e3o de obra no sistema portu\u00e1rio; e Simplifica\u00e7\u00e3o Regulat\u00f3ria, Patrimonial e Ambiental, envolvendo os temas gerais da atividade portu\u00e1ria.<\/p>\n<p dir=\"ltr\"><strong>Seguir avan\u00e7ando\u00a0<\/strong><\/p>\n<p dir=\"ltr\">O diretor-geral destacou, no painel Temas Gerais da Atividade Portu\u00e1ria, que o Ag\u00eancia est\u00e1 \u201csempre no caminho da moderniza\u00e7\u00e3o\u201d. No sentido de trazer inova\u00e7\u00e3o para o setor, a ANTAQ lidera diversas iniciativas sobre sustentabilidade, regula\u00e7\u00e3o e desburocratiza\u00e7\u00e3o.<\/p>\n<p dir=\"ltr\">Entre elas est\u00e3o: o invent\u00e1rio de emiss\u00f5es de carbono, o aprimoramento do \u00cdndice de Desempenho Ambiental (IDA); o uso de estudos de cen\u00e1rio como instrumento de melhoria para os portos; o Navegue Simples, em conjunto com o Minist\u00e9rio de Portos e Aeroportos, do Navegue Simples; entre outros.<\/p>\n<p dir=\"ltr\">\u201cNossos portos est\u00e3o aptos para atender a demanda. O crescimento da movimenta\u00e7\u00e3o portu\u00e1ria no ano passado comprova isso, mas n\u00e3o podemos nos acomodar\u201d, destacou Nery. Ele completou explicando que o interc\u00e2mbio de informa\u00e7\u00f5es com a iniciativa privada tamb\u00e9m \u00e9 importante para o avan\u00e7o.<\/p>\n<p dir=\"ltr\">Fonte: Antaq<\/p>\n","protected":false},"excerpt":{"rendered":"<p>Diretores da Ag\u00eancia Nacional de Transportes Aquavi\u00e1rios (ANTAQ) participaram, nesta quinta-feira (05), do semin\u00e1rio \u201cNovos Horizontes do Marco Legal Portu\u00e1rio no Brasil\u201d, que aconteceu no&#8230;<\/p>\n","protected":false},"author":1527,"featured_media":53570,"comment_status":"closed","ping_status":"closed","sticky":false,"template":"","format":"standard","meta":{"footnotes":""},"categories":[6],"tags":[],"class_list":["post-53855","post","type-post","status-publish","format-standard","has-post-thumbnail","hentry","category-noticias"],"_links":{"self":[{"href":"https:\/\/www.sincomam.org.br\/index.php\/wp-json\/wp\/v2\/posts\/53855","targetHints":{"allow":["GET"]}}],"collection":[{"href":"https:\/\/www.sincomam.org.br\/index.php\/wp-json\/wp\/v2\/posts"}],"about":[{"href":"https:\/\/www.sincomam.org.br\/index.php\/wp-json\/wp\/v2\/types\/post"}],"author":[{"embeddable":true,"href":"https:\/\/www.sincomam.org.br\/index.php\/wp-json\/wp\/v2\/users\/1527"}],"replies":[{"embeddable":true,"href":"https:\/\/www.sincomam.org.br\/index.php\/wp-json\/wp\/v2\/comments?post=53855"}],"version-history":[{"count":1,"href":"https:\/\/www.sincomam.org.br\/index.php\/wp-json\/wp\/v2\/posts\/53855\/revisions"}],"predecessor-version":[{"id":53857,"href":"https:\/\/www.sincomam.org.br\/index.php\/wp-json\/wp\/v2\/posts\/53855\/revisions\/53857"}],"wp:featuredmedia":[{"embeddable":true,"href":"https:\/\/www.sincomam.org.br\/index.php\/wp-json\/wp\/v2\/media\/53570"}],"wp:attachment":[{"href":"https:\/\/www.sincomam.org.br\/index.php\/wp-json\/wp\/v2\/media?parent=53855"}],"wp:term":[{"taxonomy":"category","embeddable":true,"href":"https:\/\/www.sincomam.org.br\/index.php\/wp-json\/wp\/v2\/categories?post=53855"},{"taxonomy":"post_tag","embeddable":true,"href":"https:\/\/www.sincomam.org.br\/index.php\/wp-json\/wp\/v2\/tags?post=53855"}],"curies":[{"name":"wp","href":"https:\/\/api.w.org\/{rel}","templated":true}]}}