{"id":53851,"date":"2024-09-06T06:42:51","date_gmt":"2024-09-06T09:42:51","guid":{"rendered":"http:\/\/www.sincomam.org.br\/?p=53851"},"modified":"2024-09-06T06:42:51","modified_gmt":"2024-09-06T09:42:51","slug":"marinha-do-brasil-discute-patrimonio-cultural-subaquatico-no-evento-oceans-20-dialogues-na-fgv","status":"publish","type":"post","link":"https:\/\/www.sincomam.org.br\/index.php\/marinha-do-brasil-discute-patrimonio-cultural-subaquatico-no-evento-oceans-20-dialogues-na-fgv\/","title":{"rendered":"Marinha do Brasil discute patrim\u00f4nio cultural subaqu\u00e1tico no evento \u201cOceans 20 Dialogues\u201d na FGV"},"content":{"rendered":"<p>A Diretoria do Patrim\u00f4nio Hist\u00f3rico e Documenta\u00e7\u00e3o da Marinha participou, entre os dias 20 e 23 de agosto de 2024, do evento \u201cOceans 20 Dialogues\u201d, promovido pela Funda\u00e7\u00e3o Getulio Vargas (FGV). O encontro reuniu especialistas de v\u00e1rias \u00e1reas para discutir temas como sustentabilidade oce\u00e2nica e economia azul. O Vice-Almirante (RM1) Gilberto Santos Kerr representou a Marinha e apresentou o painel \u201cMentalidade Mar\u00edtima \u2013 Cultura Oce\u00e2nica\u201d, destacando a import\u00e2ncia do Patrim\u00f4nio Cultural Subaqu\u00e1tico.<\/p>\n<h3>Discuss\u00f5es sobre Sustentabilidade Oce\u00e2nica no \u201cOceans 20 Dialogues\u201d<\/h3>\n<p>O evento \u201cOceans 20 Dialogues\u201d focou em cinco macro temas essenciais para a\u00a0prote\u00e7\u00e3o dos oceanos\u00a0e o avan\u00e7o da\u00a0economia azul. Entre os temas discutidos, destacaram-se as\u00a0a\u00e7\u00f5es clim\u00e1ticas e resili\u00eancia, a\u00a0equidade social, a\u00a0sa\u00fade dos ecossistemas marinhos\u00a0e a\u00a0conserva\u00e7\u00e3o da biodiversidade oce\u00e2nica, al\u00e9m do\u00a0desenvolvimento cient\u00edfico e tecnol\u00f3gico. O evento tamb\u00e9m promoveu debates sobre\u00a0governan\u00e7a\u00a0e\u00a0colabora\u00e7\u00e3o internacional, fundamentais para enfrentar os desafios globais relacionados \u00e0 sustentabilidade dos mares.<\/p>\n<p>A iniciativa Oceans 20, da qual o evento faz parte, busca ampliar o di\u00e1logo e promover a\u00e7\u00f5es concretas que garantam a preserva\u00e7\u00e3o e o uso sustent\u00e1vel dos oceanos. A colabora\u00e7\u00e3o entre l\u00edderes, acad\u00eamicos e especialistas de diferentes \u00e1reas \u00e9 vista como um passo importante para consolidar pol\u00edticas ambientais eficazes e inovadoras.<\/p>\n<h3>A Apresenta\u00e7\u00e3o da Marinha: Mentalidade Mar\u00edtima e Cultura Oce\u00e2nica<\/h3>\n<p>O Vice-Almirante Gilberto Santos Kerr, Diretor do Patrim\u00f4nio Hist\u00f3rico e Documenta\u00e7\u00e3o da Marinha, apresentou o painel\u00a0\u201cMentalidade Mar\u00edtima \u2013 Cultura Oce\u00e2nica\u201d, onde destacou a\u00a0import\u00e2ncia do Patrim\u00f4nio Cultural Subaqu\u00e1tico\u00a0no\u00a0Planejamento Espacial Marinho. Durante sua fala, Kerr enfatizou que a preserva\u00e7\u00e3o desse patrim\u00f4nio vai al\u00e9m da hist\u00f3ria, envolvendo tamb\u00e9m a prote\u00e7\u00e3o ambiental e a conscientiza\u00e7\u00e3o da sociedade sobre a relev\u00e2ncia do ambiente marinho.<\/p>\n<p>O Patrim\u00f4nio Cultural Subaqu\u00e1tico abrange naufr\u00e1gios, artefatos e vest\u00edgios hist\u00f3ricos que s\u00e3o de grande valor cient\u00edfico e cultural. Kerr ressaltou que o estudo e a conserva\u00e7\u00e3o desses bens submersos t\u00eam impacto direto na constru\u00e7\u00e3o de uma\u00a0mentalidade mar\u00edtima\u00a0voltada para a preserva\u00e7\u00e3o e sustentabilidade dos oceanos.<\/p>\n<h3>A Import\u00e2ncia do Patrim\u00f4nio Hist\u00f3rico e Cultural Subaqu\u00e1tico<\/h3>\n<p>O\u00a0Patrim\u00f4nio Cultural Subaqu\u00e1tico\u00a0tem um papel essencial na\u00a0preserva\u00e7\u00e3o da mem\u00f3ria mar\u00edtima\u00a0e na conscientiza\u00e7\u00e3o sobre a import\u00e2ncia dos oceanos. Esses vest\u00edgios hist\u00f3ricos s\u00e3o parte do legado cultural de na\u00e7\u00f5es como o\u00a0Brasil\u00a0e ajudam a contar a hist\u00f3ria da explora\u00e7\u00e3o mar\u00edtima, do com\u00e9rcio e das grandes navega\u00e7\u00f5es.<\/p>\n<p>A\u00a0Marinha do Brasil, por meio da Diretoria do Patrim\u00f4nio Hist\u00f3rico, desenvolve projetos voltados para a\u00a0preserva\u00e7\u00e3o de naufr\u00e1gios\u00a0e outros vest\u00edgios submersos, com o objetivo de proteger esses recursos culturais e incentivar a pesquisa cient\u00edfica. Al\u00e9m disso, a integra\u00e7\u00e3o entre a preserva\u00e7\u00e3o do patrim\u00f4nio e o desenvolvimento de uma\u00a0economia azul sustent\u00e1vel\u00a0tem sido uma prioridade, buscando alinhar a conserva\u00e7\u00e3o com o uso econ\u00f4mico respons\u00e1vel dos recursos oce\u00e2nicos.<\/p>\n<p>Fonte: Defesa em Foco<\/p>\n","protected":false},"excerpt":{"rendered":"<p>A Diretoria do Patrim\u00f4nio Hist\u00f3rico e Documenta\u00e7\u00e3o da Marinha participou, entre os dias 20 e 23 de agosto de 2024, do evento \u201cOceans 20 Dialogues\u201d,&#8230;<\/p>\n","protected":false},"author":1527,"featured_media":53853,"comment_status":"closed","ping_status":"closed","sticky":false,"template":"","format":"standard","meta":{"footnotes":""},"categories":[6],"tags":[],"class_list":["post-53851","post","type-post","status-publish","format-standard","has-post-thumbnail","hentry","category-noticias"],"_links":{"self":[{"href":"https:\/\/www.sincomam.org.br\/index.php\/wp-json\/wp\/v2\/posts\/53851","targetHints":{"allow":["GET"]}}],"collection":[{"href":"https:\/\/www.sincomam.org.br\/index.php\/wp-json\/wp\/v2\/posts"}],"about":[{"href":"https:\/\/www.sincomam.org.br\/index.php\/wp-json\/wp\/v2\/types\/post"}],"author":[{"embeddable":true,"href":"https:\/\/www.sincomam.org.br\/index.php\/wp-json\/wp\/v2\/users\/1527"}],"replies":[{"embeddable":true,"href":"https:\/\/www.sincomam.org.br\/index.php\/wp-json\/wp\/v2\/comments?post=53851"}],"version-history":[{"count":1,"href":"https:\/\/www.sincomam.org.br\/index.php\/wp-json\/wp\/v2\/posts\/53851\/revisions"}],"predecessor-version":[{"id":53854,"href":"https:\/\/www.sincomam.org.br\/index.php\/wp-json\/wp\/v2\/posts\/53851\/revisions\/53854"}],"wp:featuredmedia":[{"embeddable":true,"href":"https:\/\/www.sincomam.org.br\/index.php\/wp-json\/wp\/v2\/media\/53853"}],"wp:attachment":[{"href":"https:\/\/www.sincomam.org.br\/index.php\/wp-json\/wp\/v2\/media?parent=53851"}],"wp:term":[{"taxonomy":"category","embeddable":true,"href":"https:\/\/www.sincomam.org.br\/index.php\/wp-json\/wp\/v2\/categories?post=53851"},{"taxonomy":"post_tag","embeddable":true,"href":"https:\/\/www.sincomam.org.br\/index.php\/wp-json\/wp\/v2\/tags?post=53851"}],"curies":[{"name":"wp","href":"https:\/\/api.w.org\/{rel}","templated":true}]}}