{"id":5385,"date":"2014-05-09T08:21:52","date_gmt":"2014-05-09T11:21:52","guid":{"rendered":"http:\/\/www.sincomam.org.br\/?p=5385"},"modified":"2014-05-08T23:27:56","modified_gmt":"2014-05-09T02:27:56","slug":"cabotagem-e-tema-de-forum","status":"publish","type":"post","link":"https:\/\/www.sincomam.org.br\/index.php\/cabotagem-e-tema-de-forum\/","title":{"rendered":"Cabotagem \u00e9 tema de f\u00f3rum"},"content":{"rendered":"<p><strong><em>Desafios e perspectivas do modal s\u00e3o pontos a serem debatidos<\/em><\/strong><\/p>\n<p>O evento \u201cDesafios e Perspectivas da Navega\u00e7\u00e3o Mar\u00edtima de Cabotagem no Brasil\u201d, que ser\u00e1 realizado hoje, na sede da CNT, em Bras\u00edlia, promete trazer novas propostas para o segmento.<\/p>\n<p>Com participa\u00e7\u00e3o de autoridades como o deputado federal Edinho Bez, o vice-presidente da CNT, Jos\u00e9 Augusto Castro, al\u00e9m de representantes da AEB, Syndarma e Abac, o encontro trar\u00e1 pain\u00e9is que tratar\u00e3o de pontos como tend\u00eancia, benef\u00edcios e o desenvolvimento do modal no Brasil.<\/p>\n<p>O tema \u00e9 t\u00e3o importante que o primeiro f\u00f3rum realizado no Pa\u00eds foi em 2013. O evento \u201cA Hora da Cabotagem\u201d, que contou com a organiza\u00e7\u00e3o e idealiza\u00e7\u00e3o do Guia Mar\u00edtimo, j\u00e1 tem sua segunda edi\u00e7\u00e3o garantida para este ano e ser\u00e1 realizado nos dias 3 e 4 de setembro, no Hotel Blue Tree, em S\u00e3o Paulo. N\u00e3o deixe de participar!<\/p>\n","protected":false},"excerpt":{"rendered":"<p>Desafios e perspectivas do modal s\u00e3o pontos a serem debatidos O evento \u201cDesafios e Perspectivas da Navega\u00e7\u00e3o Mar\u00edtima de Cabotagem no Brasil\u201d, que ser\u00e1 realizado&#8230;<\/p>\n","protected":false},"author":1182,"featured_media":0,"comment_status":"closed","ping_status":"closed","sticky":false,"template":"","format":"standard","meta":{"footnotes":""},"categories":[6],"tags":[82,1145],"class_list":["post-5385","post","type-post","status-publish","format-standard","hentry","category-noticias","tag-cabotagem","tag-forum"],"_links":{"self":[{"href":"https:\/\/www.sincomam.org.br\/index.php\/wp-json\/wp\/v2\/posts\/5385","targetHints":{"allow":["GET"]}}],"collection":[{"href":"https:\/\/www.sincomam.org.br\/index.php\/wp-json\/wp\/v2\/posts"}],"about":[{"href":"https:\/\/www.sincomam.org.br\/index.php\/wp-json\/wp\/v2\/types\/post"}],"author":[{"embeddable":true,"href":"https:\/\/www.sincomam.org.br\/index.php\/wp-json\/wp\/v2\/users\/1182"}],"replies":[{"embeddable":true,"href":"https:\/\/www.sincomam.org.br\/index.php\/wp-json\/wp\/v2\/comments?post=5385"}],"version-history":[{"count":1,"href":"https:\/\/www.sincomam.org.br\/index.php\/wp-json\/wp\/v2\/posts\/5385\/revisions"}],"predecessor-version":[{"id":5386,"href":"https:\/\/www.sincomam.org.br\/index.php\/wp-json\/wp\/v2\/posts\/5385\/revisions\/5386"}],"wp:attachment":[{"href":"https:\/\/www.sincomam.org.br\/index.php\/wp-json\/wp\/v2\/media?parent=5385"}],"wp:term":[{"taxonomy":"category","embeddable":true,"href":"https:\/\/www.sincomam.org.br\/index.php\/wp-json\/wp\/v2\/categories?post=5385"},{"taxonomy":"post_tag","embeddable":true,"href":"https:\/\/www.sincomam.org.br\/index.php\/wp-json\/wp\/v2\/tags?post=5385"}],"curies":[{"name":"wp","href":"https:\/\/api.w.org\/{rel}","templated":true}]}}