{"id":53848,"date":"2024-09-06T06:41:19","date_gmt":"2024-09-06T09:41:19","guid":{"rendered":"http:\/\/www.sincomam.org.br\/?p=53848"},"modified":"2024-09-06T06:41:19","modified_gmt":"2024-09-06T09:41:19","slug":"planejamento-espacial-marinho-brasil-lidera-sustentabilidade-na-amazonia-azul","status":"publish","type":"post","link":"https:\/\/www.sincomam.org.br\/index.php\/planejamento-espacial-marinho-brasil-lidera-sustentabilidade-na-amazonia-azul\/","title":{"rendered":"Planejamento Espacial Marinho: Brasil Lidera Sustentabilidade na Amaz\u00f4nia Azul"},"content":{"rendered":"<p>O Brasil est\u00e1 \u00e0 frente de uma das mais importantes iniciativas globais de preserva\u00e7\u00e3o e uso sustent\u00e1vel dos mares. No centro dessa miss\u00e3o est\u00e1 o Planejamento Espacial Marinho (PEM), uma ferramenta estrat\u00e9gica que visa organizar as atividades humanas nas \u00e1guas da Amaz\u00f4nia Azul, um territ\u00f3rio vasto e rico em biodiversidade. Atrav\u00e9s dessa iniciativa, o pa\u00eds n\u00e3o s\u00f3 refor\u00e7a seu compromisso com a preserva\u00e7\u00e3o ambiental, mas tamb\u00e9m com o desenvolvimento de uma economia azul pr\u00f3spera e sustent\u00e1vel.<\/p>\n<p>Para discutir esse tema, o CEMBRA realizou uma palestra sobre o tema com o Contra-Almirante Ricardo Jaques Ferreira, Secret\u00e1rio da Comiss\u00e3o Interministerial para os Recursos do Mar (SeCIRM).<\/p>\n<p><strong>Import\u00e2ncia do Planejamento Espacial Marinho para o\u00a0Brasil<\/strong><\/p>\n<p>O Brasil, com uma vasta \u00e1rea mar\u00edtima de aproximadamente 5,7 milh\u00f5es de quil\u00f4metros quadrados, conhecida como Amaz\u00f4nia Azul, enfrenta o desafio de organizar e gerir de forma sustent\u00e1vel suas atividades econ\u00f4micas. O\u00a0Planejamento Espacial Marinho (PEM)\u00a0surge como uma ferramenta essencial para essa tarefa, buscando harmonizar o uso dos recursos naturais com a preserva\u00e7\u00e3o ambiental. A\u00a0<a class=\"wpil_keyword_link\" title=\"Marinha do Brasil\" href=\"https:\/\/www.defesaemfoco.com.br\/brasil\/forcas-armadas\/marinha-do-brasil\/\" data-wpil-keyword-link=\"linked\" data-wpil-monitor-id=\"5318\">Marinha do Brasil<\/a>\u00a0desempenha um papel fundamental nessa governan\u00e7a, coordenando esfor\u00e7os para o uso eficiente dos recursos mar\u00edtimos e garantindo a soberania nacional sobre essa \u00e1rea estrat\u00e9gica.<\/p>\n<p>Fonte: Defesa em Foco<\/p>\n","protected":false},"excerpt":{"rendered":"<p>O Brasil est\u00e1 \u00e0 frente de uma das mais importantes iniciativas globais de preserva\u00e7\u00e3o e uso sustent\u00e1vel dos mares. No centro dessa miss\u00e3o est\u00e1 o&#8230;<\/p>\n","protected":false},"author":1527,"featured_media":43541,"comment_status":"closed","ping_status":"closed","sticky":false,"template":"","format":"standard","meta":{"footnotes":""},"categories":[6],"tags":[],"class_list":["post-53848","post","type-post","status-publish","format-standard","has-post-thumbnail","hentry","category-noticias"],"_links":{"self":[{"href":"https:\/\/www.sincomam.org.br\/index.php\/wp-json\/wp\/v2\/posts\/53848","targetHints":{"allow":["GET"]}}],"collection":[{"href":"https:\/\/www.sincomam.org.br\/index.php\/wp-json\/wp\/v2\/posts"}],"about":[{"href":"https:\/\/www.sincomam.org.br\/index.php\/wp-json\/wp\/v2\/types\/post"}],"author":[{"embeddable":true,"href":"https:\/\/www.sincomam.org.br\/index.php\/wp-json\/wp\/v2\/users\/1527"}],"replies":[{"embeddable":true,"href":"https:\/\/www.sincomam.org.br\/index.php\/wp-json\/wp\/v2\/comments?post=53848"}],"version-history":[{"count":1,"href":"https:\/\/www.sincomam.org.br\/index.php\/wp-json\/wp\/v2\/posts\/53848\/revisions"}],"predecessor-version":[{"id":53850,"href":"https:\/\/www.sincomam.org.br\/index.php\/wp-json\/wp\/v2\/posts\/53848\/revisions\/53850"}],"wp:featuredmedia":[{"embeddable":true,"href":"https:\/\/www.sincomam.org.br\/index.php\/wp-json\/wp\/v2\/media\/43541"}],"wp:attachment":[{"href":"https:\/\/www.sincomam.org.br\/index.php\/wp-json\/wp\/v2\/media?parent=53848"}],"wp:term":[{"taxonomy":"category","embeddable":true,"href":"https:\/\/www.sincomam.org.br\/index.php\/wp-json\/wp\/v2\/categories?post=53848"},{"taxonomy":"post_tag","embeddable":true,"href":"https:\/\/www.sincomam.org.br\/index.php\/wp-json\/wp\/v2\/tags?post=53848"}],"curies":[{"name":"wp","href":"https:\/\/api.w.org\/{rel}","templated":true}]}}