{"id":53839,"date":"2024-09-06T06:33:50","date_gmt":"2024-09-06T09:33:50","guid":{"rendered":"http:\/\/www.sincomam.org.br\/?p=53839"},"modified":"2024-09-06T06:33:50","modified_gmt":"2024-09-06T09:33:50","slug":"aps-adere-ao-pacto-pela-diversidade-equidade-e-inclusao-nas-empresas-estatais-federais","status":"publish","type":"post","link":"https:\/\/www.sincomam.org.br\/index.php\/aps-adere-ao-pacto-pela-diversidade-equidade-e-inclusao-nas-empresas-estatais-federais\/","title":{"rendered":"APS adere ao Pacto pela Diversidade, Equidade e Inclus\u00e3o nas Empresas Estatais Federais"},"content":{"rendered":"<p>A Autoridade Portu\u00e1ria de Santos (APS) aderiu, nesta quarta-feira (4), ao Pacto pela Diversidade, Equidade e Inclus\u00e3o (DEI) nas Empresas Estatais Federais. Assinaram o acordo 34 empresas p\u00fablicas, em cerim\u00f4nia no audit\u00f3rio da Petrobras, em Bras\u00edlia. A APS foi representada por Ademir Bento Junior e Jaqueline Greg\u00f3rio da Silva, membros do Comit\u00ea de Diversidade da companhia.<\/p>\n<p>A coordena\u00e7\u00e3o do pacto foi realizada pela Secretaria de Governan\u00e7a das Estatais do Minist\u00e9rio da Gest\u00e3o. Este compromisso visa estabelecer mecanismos de coopera\u00e7\u00e3o para fortalecer as pol\u00edticas p\u00fablicas relacionadas ao tema, al\u00e9m de desenvolver estrat\u00e9gias que promovam a diversidade nas estatais.<\/p>\n<p>O pacto firmado entre as estatais prop\u00f5e o comprometimento com a constru\u00e7\u00e3o de uma sociedade mais justa, impactando de forma positiva e significativa na vida das pessoas. Em outra dire\u00e7\u00e3o, promove o bem-estar das pessoas, criando melhores condi\u00e7\u00f5es de trabalho, incluindo a preserva\u00e7\u00e3o da sa\u00fade f\u00edsica e mental. A iniciativa tamb\u00e9m est\u00e1 comprometida com o combate a qualquer tipo de discrimina\u00e7\u00e3o \u2014 tendo o respeito e a valoriza\u00e7\u00e3o das diferen\u00e7as como base de todas as rela\u00e7\u00f5es. Al\u00e9m disso, valoriza a cultura inclusiva, estabelecendo ambientes com seguran\u00e7a psicol\u00f3gica, al\u00e9m de fortalecer a coopera\u00e7\u00e3o na busca de solu\u00e7\u00f5es e otimizar esfor\u00e7os e recursos.<\/p>\n<p>Com o pacto firmado, as estatais signat\u00e1rias se comprometem com a forma\u00e7\u00e3o de um espa\u00e7o de troca de experi\u00eancias entre as empresas sobre boas pr\u00e1ticas de equidade e inclus\u00e3o, al\u00e9m da realiza\u00e7\u00e3o de a\u00e7\u00f5es conjuntas, com eventual otimiza\u00e7\u00e3o de custos, para o aumento da visibilidade do tema na sociedade e no meio empresarial.<\/p>\n<p><strong>Diversidade na APS<\/strong><\/p>\n<p>Criado em junho de 2021, o Comit\u00ea de Diversidade da APS tem como objetivo promover a inclus\u00e3o e a igualdade de oportunidade e tratamento a todos, desenvolver a\u00e7\u00f5es de conscientiza\u00e7\u00e3o e capacita\u00e7\u00e3o visando combater a discrimina\u00e7\u00e3o e o preconceito, al\u00e9m de disseminar a cultura organizacional de inclus\u00e3o e diversidade.<\/p>\n<p>Fonte: Portos e Navios<\/p>\n<p>&nbsp;<\/p>\n","protected":false},"excerpt":{"rendered":"<p>A Autoridade Portu\u00e1ria de Santos (APS) aderiu, nesta quarta-feira (4), ao Pacto pela Diversidade, Equidade e Inclus\u00e3o (DEI) nas Empresas Estatais Federais. Assinaram o acordo&#8230;<\/p>\n","protected":false},"author":1527,"featured_media":53841,"comment_status":"closed","ping_status":"closed","sticky":false,"template":"","format":"standard","meta":{"footnotes":""},"categories":[6],"tags":[],"class_list":["post-53839","post","type-post","status-publish","format-standard","has-post-thumbnail","hentry","category-noticias"],"_links":{"self":[{"href":"https:\/\/www.sincomam.org.br\/index.php\/wp-json\/wp\/v2\/posts\/53839","targetHints":{"allow":["GET"]}}],"collection":[{"href":"https:\/\/www.sincomam.org.br\/index.php\/wp-json\/wp\/v2\/posts"}],"about":[{"href":"https:\/\/www.sincomam.org.br\/index.php\/wp-json\/wp\/v2\/types\/post"}],"author":[{"embeddable":true,"href":"https:\/\/www.sincomam.org.br\/index.php\/wp-json\/wp\/v2\/users\/1527"}],"replies":[{"embeddable":true,"href":"https:\/\/www.sincomam.org.br\/index.php\/wp-json\/wp\/v2\/comments?post=53839"}],"version-history":[{"count":1,"href":"https:\/\/www.sincomam.org.br\/index.php\/wp-json\/wp\/v2\/posts\/53839\/revisions"}],"predecessor-version":[{"id":53842,"href":"https:\/\/www.sincomam.org.br\/index.php\/wp-json\/wp\/v2\/posts\/53839\/revisions\/53842"}],"wp:featuredmedia":[{"embeddable":true,"href":"https:\/\/www.sincomam.org.br\/index.php\/wp-json\/wp\/v2\/media\/53841"}],"wp:attachment":[{"href":"https:\/\/www.sincomam.org.br\/index.php\/wp-json\/wp\/v2\/media?parent=53839"}],"wp:term":[{"taxonomy":"category","embeddable":true,"href":"https:\/\/www.sincomam.org.br\/index.php\/wp-json\/wp\/v2\/categories?post=53839"},{"taxonomy":"post_tag","embeddable":true,"href":"https:\/\/www.sincomam.org.br\/index.php\/wp-json\/wp\/v2\/tags?post=53839"}],"curies":[{"name":"wp","href":"https:\/\/api.w.org\/{rel}","templated":true}]}}