{"id":5383,"date":"2014-05-09T08:12:37","date_gmt":"2014-05-09T11:12:37","guid":{"rendered":"http:\/\/www.sincomam.org.br\/?p=5383"},"modified":"2014-05-08T23:21:04","modified_gmt":"2014-05-09T02:21:04","slug":"trabalhadores-do-porto-de-rio-grande-sao-capacitados-na-belgica","status":"publish","type":"post","link":"https:\/\/www.sincomam.org.br\/index.php\/trabalhadores-do-porto-de-rio-grande-sao-capacitados-na-belgica\/","title":{"rendered":"Trabalhadores do Porto de Rio Grande s\u00e3o capacitados na B\u00e9lgica"},"content":{"rendered":"<p>O curso de forma\u00e7\u00e3o para Trabalhadores Portu\u00e1rios Avulsos (TPA\u2019s) promovido a partir de um acordo de coopera\u00e7\u00e3o t\u00e9cnica, assinado entre a Secretaria dos Portos do Brasil (SEP) e o Centro de Treinamento do Porto da Antu\u00e9rpia (Apec) ocorreu na segunda quinzena do m\u00eas de abril, na B\u00e9lgica. Entre os 10 profissionais presentes na capacita\u00e7\u00e3o, dois s\u00e3o trabalhadores do Porto do Rio Grande.<\/p>\n<p>O vice-presidente do Sindicato dos Arrumadores e vice-presidente da Federa\u00e7\u00e3o Nacional dos Conferentes, Consertadores de Carga e Descarga, Vigias de Carga trabalhadores de Bloco, Arrumadores e Arrumadores de Navios nas Atividades Portu\u00e1rias (Fenccovib), Rog\u00e9rio Veleda, e o TPA M\u00e1rcio Costa, participaram do curso. De acordo com o vice-presidente da Federa\u00e7\u00e3o e do Sindicato, uma grande experi\u00eancia. \u201cO Porto da Antu\u00e9rpia, \u00e9 considerado um dos maiores centros de treinamento do mundo, talvez o melhor. N\u00e3o h\u00e1 quase diferen\u00e7a entre os equipamentos reais e os simuladores. O Centro utiliza equipamentos com softwares de ponta, e tem toda a estrutura de um terminal, apenas para treinamentos\u201d, disse Veleda.<\/p>\n<p>Ainda segundo Veleda, o que diferencia o Porto da Antu\u00e9rpia de qualquer outro localizado no Brasil \u00e9 a quest\u00e3o da valoriza\u00e7\u00e3o de cursos de capacita\u00e7\u00e3o. \u201cTodo o trabalhador que entra para o Porto da Antu\u00e9rpia, independente do terminal, ele \u00e9 certificado. L\u00e1 tem tamb\u00e9m h\u00e1 um par\u00e2metro de treinamento. Ningu\u00e9m sai qualificado sem realmente saber. O que \u00e9 l\u00f3gico\u201d, completou.<\/p>\n<p>Para discutir temas como a Nova Lei dos Portos e as Perspectivas de Qualifica\u00e7\u00e3o dos Trabalhadores Portu\u00e1rios, foi criado em junho de 2013 o F\u00f3rum Permanente para a Qualifica\u00e7\u00e3o do Trabalhador Portu\u00e1rio. \u201c\u00c9 um importante espa\u00e7o para debatermos a quest\u00e3o da qualifica\u00e7\u00e3o dos trabalhadores, j\u00e1 que congrega \u00f3rg\u00e3os governamentais, empregadores e a representa\u00e7\u00e3o dos trabalhadores que \u00e9 Fenccovib, a Federa\u00e7\u00e3o Nacional dos Portu\u00e1rios (FNP) e a Federa\u00e7\u00e3o Nacional da Estiva (FNE)\u201d, disse. \u201cH\u00e1 muito tempo batemos nesta tecla de que precisamos levar mais a s\u00e9rio a qualifica\u00e7\u00e3o no Brasil. A tecnologia avan\u00e7ou em uma velocidade muito maior do que a disposi\u00e7\u00e3o de quem tinha que promover o treinamento. Isso \u00e9 foco de discuss\u00e3o no F\u00f3rum\u201d, salientou.<\/p>\n<p>A partir de agora, os dois TPA\u2019s qualificados ter\u00e3o a miss\u00e3o de transmitir os conhecimentos adquiridos a outros trabalhadores. \u201cNo pr\u00f3prio f\u00f3rum entendemos que os formadores deveriam ser os trabalhadores que est\u00e3o dentro deste circuito, que desempenham as atividades e que precisam de apenas uma instru\u00e7\u00e3o na \u00e1rea pedag\u00f3gica para que passem de operador para instrutor\u201d, finalizou.<\/p>\n<p>Fonte: Jornal Agora<\/p>\n","protected":false},"excerpt":{"rendered":"<p>O curso de forma\u00e7\u00e3o para Trabalhadores Portu\u00e1rios Avulsos (TPA\u2019s) promovido a partir de um acordo de coopera\u00e7\u00e3o t\u00e9cnica, assinado entre a Secretaria dos Portos do&#8230;<\/p>\n","protected":false},"author":1182,"featured_media":0,"comment_status":"closed","ping_status":"closed","sticky":false,"template":"","format":"standard","meta":{"footnotes":""},"categories":[6],"tags":[1141,1144,1142,303,1140,1143],"class_list":["post-5383","post","type-post","status-publish","format-standard","hentry","category-noticias","tag-avulsos","tag-belgica","tag-oportunidade","tag-portuarios","tag-trabalhadores","tag-treinamento"],"_links":{"self":[{"href":"https:\/\/www.sincomam.org.br\/index.php\/wp-json\/wp\/v2\/posts\/5383","targetHints":{"allow":["GET"]}}],"collection":[{"href":"https:\/\/www.sincomam.org.br\/index.php\/wp-json\/wp\/v2\/posts"}],"about":[{"href":"https:\/\/www.sincomam.org.br\/index.php\/wp-json\/wp\/v2\/types\/post"}],"author":[{"embeddable":true,"href":"https:\/\/www.sincomam.org.br\/index.php\/wp-json\/wp\/v2\/users\/1182"}],"replies":[{"embeddable":true,"href":"https:\/\/www.sincomam.org.br\/index.php\/wp-json\/wp\/v2\/comments?post=5383"}],"version-history":[{"count":1,"href":"https:\/\/www.sincomam.org.br\/index.php\/wp-json\/wp\/v2\/posts\/5383\/revisions"}],"predecessor-version":[{"id":5384,"href":"https:\/\/www.sincomam.org.br\/index.php\/wp-json\/wp\/v2\/posts\/5383\/revisions\/5384"}],"wp:attachment":[{"href":"https:\/\/www.sincomam.org.br\/index.php\/wp-json\/wp\/v2\/media?parent=5383"}],"wp:term":[{"taxonomy":"category","embeddable":true,"href":"https:\/\/www.sincomam.org.br\/index.php\/wp-json\/wp\/v2\/categories?post=5383"},{"taxonomy":"post_tag","embeddable":true,"href":"https:\/\/www.sincomam.org.br\/index.php\/wp-json\/wp\/v2\/tags?post=5383"}],"curies":[{"name":"wp","href":"https:\/\/api.w.org\/{rel}","templated":true}]}}