{"id":53824,"date":"2024-09-05T10:18:13","date_gmt":"2024-09-05T13:18:13","guid":{"rendered":"http:\/\/www.sincomam.org.br\/?p=53824"},"modified":"2024-09-05T10:18:13","modified_gmt":"2024-09-05T13:18:13","slug":"inmet-emite-alerta-laranja-de-baixa-umidade-para-16-estados-e-o-df","status":"publish","type":"post","link":"https:\/\/www.sincomam.org.br\/index.php\/inmet-emite-alerta-laranja-de-baixa-umidade-para-16-estados-e-o-df\/","title":{"rendered":"Inmet emite alerta laranja de baixa umidade para 16 estados e o DF"},"content":{"rendered":"<p>O Instituto Nacional de Meteorologia (Inmet) mant\u00e9m o alerta laranja de perigo para\u00a0baixa umidade em 16 estados e no Distrito Federal. O instituto tamb\u00e9m registra\u00a0alerta amarelo &#8211; de perigo potencial &#8211; para baixa umidade em tr\u00eas estados: Rio de Janeiro, Amazonas e Esp\u00edrito Santo.\u00a0<img decoding=\"async\" src=\"https:\/\/agenciabrasil.ebc.com.br\/ebc.png?id=1610597&amp;o=node\" \/><img decoding=\"async\" src=\"https:\/\/agenciabrasil.ebc.com.br\/ebc.gif?id=1610597&amp;o=node\" \/><\/p>\n<p>Com umidade relativa do ar variando entre\u00a012% e 20%, os estados\u00a0com alerta laranja\u00a0s\u00e3o:<\/p>\n<p>Tocantins, Rond\u00f4nia e Par\u00e1, na Regi\u00e3o Norte.<\/p>\n<p>Bahia, Para\u00edba, Pernambuco, Piau\u00ed, Rio Grande do Norte, Cear\u00e1 e Maranh\u00e3o, na\u00a0Regi\u00e3o Nordeste.<\/p>\n<p>Goi\u00e1s, Mato Grosso e Mato Grosso do Sul, no Centro-Oeste.<\/p>\n<p>Minas Gerais e S\u00e3o Paulo, na Regi\u00e3o Sudeste, e\u00a0o\u00a0Paran\u00e1, na Regi\u00e3o Sul.<\/p>\n<p>O Inmet recomenda\u00a0que a popula\u00e7\u00e3o beba mais l\u00edquidos e evite atividades f\u00edsicas e exposi\u00e7\u00e3o ao sol nas horas mais quentes do dia, das 10h \u00e0s\u00a016h. Tamb\u00e9m \u00e9 importante que as pessoas intensifiquem o uso de hidratantes e umidifiquem os ambientes.<\/p>\n<h2>Bras\u00edlia<\/h2>\n<p>Depois de registrar ontem o dia mais seco do ano com umidade de 7%, a capital federal chegou hoje a 12% de umidade relativa do ar e 31\u00baC de temperatura, \u00e0s 15 horas. N\u00e3o h\u00e1 previs\u00e3o de chuva para a cidade nos pr\u00f3ximos dias.<\/p>\n<p>Fonte: Ag\u00eancia Brasil<\/p>\n","protected":false},"excerpt":{"rendered":"<p>O Instituto Nacional de Meteorologia (Inmet) mant\u00e9m o alerta laranja de perigo para\u00a0baixa umidade em 16 estados e no Distrito Federal. O instituto tamb\u00e9m registra\u00a0alerta&#8230;<\/p>\n","protected":false},"author":1527,"featured_media":53826,"comment_status":"closed","ping_status":"closed","sticky":false,"template":"","format":"standard","meta":{"footnotes":""},"categories":[6],"tags":[],"class_list":["post-53824","post","type-post","status-publish","format-standard","has-post-thumbnail","hentry","category-noticias"],"_links":{"self":[{"href":"https:\/\/www.sincomam.org.br\/index.php\/wp-json\/wp\/v2\/posts\/53824","targetHints":{"allow":["GET"]}}],"collection":[{"href":"https:\/\/www.sincomam.org.br\/index.php\/wp-json\/wp\/v2\/posts"}],"about":[{"href":"https:\/\/www.sincomam.org.br\/index.php\/wp-json\/wp\/v2\/types\/post"}],"author":[{"embeddable":true,"href":"https:\/\/www.sincomam.org.br\/index.php\/wp-json\/wp\/v2\/users\/1527"}],"replies":[{"embeddable":true,"href":"https:\/\/www.sincomam.org.br\/index.php\/wp-json\/wp\/v2\/comments?post=53824"}],"version-history":[{"count":1,"href":"https:\/\/www.sincomam.org.br\/index.php\/wp-json\/wp\/v2\/posts\/53824\/revisions"}],"predecessor-version":[{"id":53827,"href":"https:\/\/www.sincomam.org.br\/index.php\/wp-json\/wp\/v2\/posts\/53824\/revisions\/53827"}],"wp:featuredmedia":[{"embeddable":true,"href":"https:\/\/www.sincomam.org.br\/index.php\/wp-json\/wp\/v2\/media\/53826"}],"wp:attachment":[{"href":"https:\/\/www.sincomam.org.br\/index.php\/wp-json\/wp\/v2\/media?parent=53824"}],"wp:term":[{"taxonomy":"category","embeddable":true,"href":"https:\/\/www.sincomam.org.br\/index.php\/wp-json\/wp\/v2\/categories?post=53824"},{"taxonomy":"post_tag","embeddable":true,"href":"https:\/\/www.sincomam.org.br\/index.php\/wp-json\/wp\/v2\/tags?post=53824"}],"curies":[{"name":"wp","href":"https:\/\/api.w.org\/{rel}","templated":true}]}}