{"id":53820,"date":"2024-09-05T10:09:04","date_gmt":"2024-09-05T13:09:04","guid":{"rendered":"http:\/\/www.sincomam.org.br\/?p=53820"},"modified":"2024-09-05T10:22:54","modified_gmt":"2024-09-05T13:22:54","slug":"marinhas-do-brasil-e-de-mais-23-paises-dao-inicio-a-operacao-unitas-lxv","status":"publish","type":"post","link":"https:\/\/www.sincomam.org.br\/index.php\/marinhas-do-brasil-e-de-mais-23-paises-dao-inicio-a-operacao-unitas-lxv\/","title":{"rendered":"Marinhas do Brasil e de mais 23 pa\u00edses d\u00e3o in\u00edcio  \u00e0 Opera\u00e7\u00e3o \u201cUnitas LXV\u201d"},"content":{"rendered":"<p class=\"text-align-justify\">A Fragata \u201cLiberal\u201d, da Marinha do Brasil (MB), com aeronave AH-11B \u201cSuper Lynx\u201d embarcada, participar\u00e1 dos exerc\u00edcios navais em alto-mar da Opera\u00e7\u00e3o \u201cUnitas LXV\u201d, que foi iniciada nesta segunda-feira (2) em Valpara\u00edso, no Chile, e se estender\u00e1 at\u00e9 dia 12 deste m\u00eas. O evento, que ter\u00e1 a participa\u00e7\u00e3o de mais de 4 mil militares de 24 pa\u00edses, 17 navios, 2 submarinos e 23 aeronaves, teve cerim\u00f4nia de abertura realizada a bordo Navio-Multiprop\u00f3sito chileno (LSDH-91)\u201cSargento Aldea\u201d.<\/p>\n<p class=\"text-align-justify\">Desde 1960, a \u201cUnitas\u201d \u00e9 o exerc\u00edcio mar\u00edtimo multinacional mais antigo organizado pelos Estados Unidos da Am\u00e9rica (EUA) e, nesta edi\u00e7\u00e3o, tem o Chile como pa\u00eds-sede. Os principais objetivos da opera\u00e7\u00e3o s\u00e3o incrementar a interoperabilidade das Marinhas por meio da condu\u00e7\u00e3o de opera\u00e7\u00f5es navais, aeronavais e de Fuzileiros Navais, al\u00e9m de fortalecer rela\u00e7\u00f5es diplom\u00e1ticas e estreitar os la\u00e7os de coopera\u00e7\u00e3o entre os pa\u00edses participantes.<\/p>\n<p class=\"text-align-justify\">Na abertura do evento, o Comandante de Opera\u00e7\u00f5es Navais da Armada do Chile, Vice-Almirante Claudio Maldonado, compartilhou a satisfa\u00e7\u00e3o de participar da \u201cUnitas\u201d e de serem os anfitri\u00f5es do evento. \u201cEstamos muito contentes em participar do exerc\u00edcio. A Opera\u00e7\u00e3o permite \u00e0 Armada do Chile mostrar suas capacidades e prepara\u00e7\u00e3o para planejar e conduzir opera\u00e7\u00f5es\u201d, afirmou.<\/p>\n<p class=\"text-align-justify\">Tamb\u00e9m na cerim\u00f4nia, o Vice-Comandante da For\u00e7a-Tarefa da Opera\u00e7\u00e3o, o Contra-Almirante Richard S. Lofgren, da Marinha dos Estados Unidos, afirmou estar confiante de que a opera\u00e7\u00e3o ser\u00e1 um sucesso. \u201c\u00c9 uma bela experi\u00eancia, \u00e9 uma verdadeira honra poder participar neste exerc\u00edcio e poder trabalhar em conjunto com aliados e amigos para continuar a fortalecer a nossa vis\u00e3o de coopera\u00e7\u00e3o internacional\u201d, disse.<\/p>\n<p class=\"text-align-justify\">A Opera\u00e7\u00e3o contemplar\u00e1 a forma\u00e7\u00e3o de uma For\u00e7a Naval multinacional entre as Marinhas do Brasil, Argentina, Chile, Col\u00f4mbia, M\u00e9xico, Equador, EUA, Reino Unido e Peru, para operar em apoio m\u00fatuo. O Comandante do Grupo-Tarefa (GT) brasileiro da Opera\u00e7\u00e3o, Capit\u00e3o de Fragata Rogerio Diniz, explica que a participa\u00e7\u00e3o do Brasil na Opera\u00e7\u00e3o \u201cUnitas LXV\u201d reflete o compromisso do pa\u00eds com a seguran\u00e7a mar\u00edtima global e coopera\u00e7\u00e3o internacional.<\/p>\n<p class=\"text-align-justify\">\u201cA Fragata \u2018Liberal\u2019, ao lado de outros meios navais participantes, simboliza nossa capacidade de integrar esfor\u00e7os com parceiros internacionais, promovendo a estabilidade e a paz nos mares. Este exerc\u00edcio n\u00e3o apenas fortalece la\u00e7os entre na\u00e7\u00f5es, mas tamb\u00e9m proporciona valiosos interc\u00e2mbios de conhecimento estrat\u00e9gico e t\u00e1tico, essenciais para enfrentar desafios comuns no ambiente naval\u201d, destacou o Comandante Rogerio Diniz.<\/p>\n<h5 class=\"text-align-justify\">Pre-Sail da Opera\u00e7\u00e3o<\/h5>\n<p class=\"text-align-justify\">Na ter\u00e7a-feira (3), no Museu Mar\u00edtimo Nacional, em Valpara\u00edso, Chile, militares dos pa\u00edses participantes da Opera\u00e7\u00e3o realizaram uma reuni\u00e3o antes do in\u00edcio da navega\u00e7\u00e3o, que acontecer\u00e1 \u00a0nesta quarta-feira (4), \u00e0 noite, chamada de Pre-Sail. No evento, foi apresentado um cronograma detalhado das atividades planejadas, incluindo as etapas e prazos para cada fase do exerc\u00edcio.<\/p>\n<p class=\"text-align-justify\">Tamb\u00e9m foram apresentados dados sobre a previs\u00e3o meteorol\u00f3gica para os dias dos exerc\u00edcios, que \u00e9 item fundamental para a seguran\u00e7a e completa execu\u00e7\u00e3o das opera\u00e7\u00f5es navais. Os participantes tamb\u00e9m discutiram os procedimentos para atendimentos m\u00e9dicos e de emerg\u00eancia a bordo, garantindo uma resposta r\u00e1pida e eficiente em eventuais situa\u00e7\u00f5es cr\u00edticas. Al\u00e9m disso, foram revisados os detalhes sobre as \u00e1reas de atua\u00e7\u00e3o dos exerc\u00edcios, que incluem opera\u00e7\u00f5es de busca e salvamento, patrulhamento mar\u00edtimo e simula\u00e7\u00f5es de combate.<\/p>\n<p>Fonte: Marinha do Brasil<\/p>\n","protected":false},"excerpt":{"rendered":"<p>A Fragata \u201cLiberal\u201d, da Marinha do Brasil (MB), com aeronave AH-11B \u201cSuper Lynx\u201d embarcada, participar\u00e1 dos exerc\u00edcios navais em alto-mar da Opera\u00e7\u00e3o \u201cUnitas LXV\u201d, que&#8230;<\/p>\n","protected":false},"author":1527,"featured_media":53822,"comment_status":"closed","ping_status":"closed","sticky":false,"template":"","format":"standard","meta":{"footnotes":""},"categories":[6],"tags":[],"class_list":["post-53820","post","type-post","status-publish","format-standard","has-post-thumbnail","hentry","category-noticias"],"_links":{"self":[{"href":"https:\/\/www.sincomam.org.br\/index.php\/wp-json\/wp\/v2\/posts\/53820","targetHints":{"allow":["GET"]}}],"collection":[{"href":"https:\/\/www.sincomam.org.br\/index.php\/wp-json\/wp\/v2\/posts"}],"about":[{"href":"https:\/\/www.sincomam.org.br\/index.php\/wp-json\/wp\/v2\/types\/post"}],"author":[{"embeddable":true,"href":"https:\/\/www.sincomam.org.br\/index.php\/wp-json\/wp\/v2\/users\/1527"}],"replies":[{"embeddable":true,"href":"https:\/\/www.sincomam.org.br\/index.php\/wp-json\/wp\/v2\/comments?post=53820"}],"version-history":[{"count":1,"href":"https:\/\/www.sincomam.org.br\/index.php\/wp-json\/wp\/v2\/posts\/53820\/revisions"}],"predecessor-version":[{"id":53823,"href":"https:\/\/www.sincomam.org.br\/index.php\/wp-json\/wp\/v2\/posts\/53820\/revisions\/53823"}],"wp:featuredmedia":[{"embeddable":true,"href":"https:\/\/www.sincomam.org.br\/index.php\/wp-json\/wp\/v2\/media\/53822"}],"wp:attachment":[{"href":"https:\/\/www.sincomam.org.br\/index.php\/wp-json\/wp\/v2\/media?parent=53820"}],"wp:term":[{"taxonomy":"category","embeddable":true,"href":"https:\/\/www.sincomam.org.br\/index.php\/wp-json\/wp\/v2\/categories?post=53820"},{"taxonomy":"post_tag","embeddable":true,"href":"https:\/\/www.sincomam.org.br\/index.php\/wp-json\/wp\/v2\/tags?post=53820"}],"curies":[{"name":"wp","href":"https:\/\/api.w.org\/{rel}","templated":true}]}}