{"id":53778,"date":"2024-09-04T08:42:00","date_gmt":"2024-09-04T11:42:00","guid":{"rendered":"http:\/\/www.sincomam.org.br\/?p=53778"},"modified":"2024-09-04T08:42:00","modified_gmt":"2024-09-04T11:42:00","slug":"paises-latino-americanos-planejam-acoes-coordenadas-entre-programas-antarticos","status":"publish","type":"post","link":"https:\/\/www.sincomam.org.br\/index.php\/paises-latino-americanos-planejam-acoes-coordenadas-entre-programas-antarticos\/","title":{"rendered":"Pa\u00edses latino-americanos planejam a\u00e7\u00f5es coordenadas entre programas ant\u00e1rticos"},"content":{"rendered":"<p>Bras\u00edlia (DF) sedia, at\u00e9 esta quinta-feira (5), a 35\u00aa Reuni\u00e3o de Administradores do Programa Ant\u00e1rtico Latino-Americano (RAPAL), com representantes de oito pa\u00edses, dos quais seis possuem bases cient\u00edficas no continente branco. O Brasil lidera o grupo de trabalho respons\u00e1vel por propor estudos conjuntos sobre as mudan\u00e7as na regi\u00e3o ant\u00e1rtica e suas consequ\u00eancias sobre o clima e a biodiversidade mundiais, contribuindo para o planejamento do 5\u00ba Ano Polar Internacional, marcado para 2032.<\/p>\n<p>A agenda tamb\u00e9m prev\u00ea debate sobre projeto de estudo a respeito da contamina\u00e7\u00e3o do ambiente marinho costeiro da Ilha Rei George com micropl\u00e1sticos e sobre medidas de preven\u00e7\u00e3o e controle de gripe avi\u00e1ria na regi\u00e3o. Segundo o Almirante, a reuni\u00e3o \u00e9 uma oportunidade de compartilhar informa\u00e7\u00f5es e experi\u00eancias entre os programas ant\u00e1rticos de cada pa\u00eds, al\u00e9m de aprimorar o Programa Ant\u00e1rtico Brasileiro (PROANTAR).<\/p>\n<p class=\"text-align-justify\">Ap\u00f3s tr\u00eas dias de discuss\u00f5es ser\u00e1 produzido um relat\u00f3rio final com sugest\u00f5es de a\u00e7\u00e3o dos pa\u00edses latino-americanos a ser apresentado ao Comit\u00ea Cient\u00edfico de Pesquisa Ant\u00e1rtica, do qual fazem parte 46 pa\u00edses membros. A institui\u00e7\u00e3o \u00e9 respons\u00e1vel por promover, juntamente com Comit\u00ea Cient\u00edfico Internacional do \u00c1rtico, o Ano Polar Internacional, que visa a produzir conhecimento para a\u00e7\u00e3o com relev\u00e2ncia social e incentivar a divulga\u00e7\u00e3o aberta de dados cient\u00edficos.<\/p>\n<h5 class=\"text-align-justify\">O Programa Ant\u00e1rtico Brasileiro<\/h5>\n<p class=\"text-align-justify\">Criado em 1982, o Programa Ant\u00e1rtico Brasileiro (PROANTAR) \u00e9 o projeto cient\u00edfico mais longevo do Brasil e vem garantindo progresso nos estudos sobre fen\u00f4menos naturais que ocorrem no continente gelado e que, consequentemente, influenciam o meio ambiente em todo o mundo. Anualmente, ele planeja, coordena e executa a Opera\u00e7\u00e3o Ant\u00e1rtica (OPERANTAR), cuja 43\u00aa edi\u00e7\u00e3o ter\u00e1 in\u00edcio em outubro pr\u00f3ximo.<\/p>\n<p class=\"text-align-justify\">Os trabalhos s\u00e3o desenvolvidos em campo e a bordo da Esta\u00e7\u00e3o Ant\u00e1rtica Comandante Ferraz (EACF), localizada na Ilha Rei George, que conta com uma das estruturas mais seguras e modernas da regi\u00e3o, com 17 laborat\u00f3rios e tecnologia sustent\u00e1vel. O Navio de Apoio Oceanogr\u00e1fico \u201cAry Rongel\u201d, o Navio Polar \u201cAlmirante Maximiano\u201d, al\u00e9m das esta\u00e7\u00f5es estrangeiras parceiras do Brasil, tamb\u00e9m s\u00e3o recursos utilizados na opera\u00e7\u00e3o.<\/p>\n<p>Fonte: Ag\u00eancia Marinha de Not\u00edcias<\/p>\n","protected":false},"excerpt":{"rendered":"<p>Bras\u00edlia (DF) sedia, at\u00e9 esta quinta-feira (5), a 35\u00aa Reuni\u00e3o de Administradores do Programa Ant\u00e1rtico Latino-Americano (RAPAL), com representantes de oito pa\u00edses, dos quais seis&#8230;<\/p>\n","protected":false},"author":1527,"featured_media":53780,"comment_status":"closed","ping_status":"closed","sticky":false,"template":"","format":"standard","meta":{"footnotes":""},"categories":[6],"tags":[],"class_list":["post-53778","post","type-post","status-publish","format-standard","has-post-thumbnail","hentry","category-noticias"],"_links":{"self":[{"href":"https:\/\/www.sincomam.org.br\/index.php\/wp-json\/wp\/v2\/posts\/53778","targetHints":{"allow":["GET"]}}],"collection":[{"href":"https:\/\/www.sincomam.org.br\/index.php\/wp-json\/wp\/v2\/posts"}],"about":[{"href":"https:\/\/www.sincomam.org.br\/index.php\/wp-json\/wp\/v2\/types\/post"}],"author":[{"embeddable":true,"href":"https:\/\/www.sincomam.org.br\/index.php\/wp-json\/wp\/v2\/users\/1527"}],"replies":[{"embeddable":true,"href":"https:\/\/www.sincomam.org.br\/index.php\/wp-json\/wp\/v2\/comments?post=53778"}],"version-history":[{"count":1,"href":"https:\/\/www.sincomam.org.br\/index.php\/wp-json\/wp\/v2\/posts\/53778\/revisions"}],"predecessor-version":[{"id":53781,"href":"https:\/\/www.sincomam.org.br\/index.php\/wp-json\/wp\/v2\/posts\/53778\/revisions\/53781"}],"wp:featuredmedia":[{"embeddable":true,"href":"https:\/\/www.sincomam.org.br\/index.php\/wp-json\/wp\/v2\/media\/53780"}],"wp:attachment":[{"href":"https:\/\/www.sincomam.org.br\/index.php\/wp-json\/wp\/v2\/media?parent=53778"}],"wp:term":[{"taxonomy":"category","embeddable":true,"href":"https:\/\/www.sincomam.org.br\/index.php\/wp-json\/wp\/v2\/categories?post=53778"},{"taxonomy":"post_tag","embeddable":true,"href":"https:\/\/www.sincomam.org.br\/index.php\/wp-json\/wp\/v2\/tags?post=53778"}],"curies":[{"name":"wp","href":"https:\/\/api.w.org\/{rel}","templated":true}]}}