{"id":53751,"date":"2024-09-03T08:10:02","date_gmt":"2024-09-03T11:10:02","guid":{"rendered":"http:\/\/www.sincomam.org.br\/?p=53751"},"modified":"2024-09-03T08:10:02","modified_gmt":"2024-09-03T11:10:02","slug":"prio-realizara-treinamento-de-emergencia-e-protecao-ambiental-na-regiao-dos-lagos","status":"publish","type":"post","link":"https:\/\/www.sincomam.org.br\/index.php\/prio-realizara-treinamento-de-emergencia-e-protecao-ambiental-na-regiao-dos-lagos\/","title":{"rendered":"PRIO Realizar\u00e1 Treinamento de Emerg\u00eancia e Prote\u00e7\u00e3o Ambiental na Regi\u00e3o dos Lagos"},"content":{"rendered":"<p>Nos dias 3 e 4 de setembro, a PRIO, maior empresa independente de \u00f3leo e g\u00e1s do Brasil, sediada no Rio de Janeiro, far\u00e1 um simulado de emerg\u00eancia em Arraial do Cabo, na Regi\u00e3o dos Lagos. Na ocasi\u00e3o, a empresa construir\u00e1 uma situa\u00e7\u00e3o hipot\u00e9tica em que haja vazamento de \u00f3leo em uma opera\u00e7\u00e3o e capacitar\u00e1 colaboradores e comunidades quanto a forma correta de atuar a fim de sanar o problema rapidamente com o m\u00ednimo de impactos ambientais.<br \/>\nDurante o simulado, mais de 150 profissionais estar\u00e3o envolvidos em diferentes frentes de atua\u00e7\u00e3o. Parte da equipe estar\u00e1 na sala de crise, localizada no Rio de Janeiro, enquanto 90 pessoas estar\u00e3o em Arraial do Cabo, na regi\u00e3o sul da Praia dos Anjos. No local, ser\u00e3o montadas tendas e implementadas diversas medidas, como barreiras e conten\u00e7\u00f5es no mar, utilizando cerca de 10 embarca\u00e7\u00f5es pesqueiras para simular o isolamento e a coleta do \u00f3leo vazado. Essas barreiras tamb\u00e9m ser\u00e3o colocadas em outros pontos estrat\u00e9gicos da regi\u00e3o.<br \/>\n\u00d3rg\u00e3os reguladores como o Ibama, a ANP (Ag\u00eancia Nacional do Petr\u00f3leo e G\u00e1s Natural) e a Marinha do Brasil, participar\u00e3o ativamente da simula\u00e7\u00e3o para garantir a conformidade e a efic\u00e1cia dos procedimentos. \u201cManter nossos colaboradores e comunidades bem treinados e preparados \u00e9 crucial para lidarmos com qualquer eventualidade. Apesar da baixa probabilidade de incidentes devido ao avan\u00e7o da tecnologia e seguran\u00e7a na ind\u00fastria, \u00e9 vital que todos saibam como reagir para minimizar impactos. Identificar, sinalizar, comunicar e apoiar s\u00e3o habilidades essenciais para uma resposta eficaz,\u201d afirma Leandro Brand\u00e3o, Gerente de sustentabilidade da PRIO.<br \/>\nDurante o exerc\u00edcio, turistas e membros da comunidade que n\u00e3o estiverem informados sobre o simulado poder\u00e3o obter informa\u00e7\u00f5es nas tendas montadas na Praia dos Anjos. Al\u00e9m disso, a PRIO utilizar\u00e1 a equipe mobilizada para realizar a limpeza da praia, assegurando que nenhuma interfer\u00eancia negativa permane\u00e7a na regi\u00e3o ap\u00f3s a conclus\u00e3o do treinamento.<br \/>\n\u201cEsta a\u00e7\u00e3o refor\u00e7a nosso compromisso com \u00f3rg\u00e3os reguladores e com a sociedade, promovendo uma opera\u00e7\u00e3o respons\u00e1vel e segura. Ao final do simulado, elaboraremos um relat\u00f3rio detalhado com as li\u00e7\u00f5es aprendidas e os pontos positivos, que ser\u00e1 compartilhado com todos os envolvidos,\u201d\u00a0conclui Leandro.<br \/>\nDurante o exerc\u00edcio, as atividades de turismo e pesca da regi\u00e3o n\u00e3o ser\u00e3o impactadas. A PRIO continua empenhada em garantir a seguran\u00e7a e a prote\u00e7\u00e3o ambiental, promovendo uma cultura de prepara\u00e7\u00e3o e resposta eficaz a situa\u00e7\u00f5es de emerg\u00eancia.<\/p>\n<p>Fonte: PRIO<\/p>\n","protected":false},"excerpt":{"rendered":"<p>Nos dias 3 e 4 de setembro, a PRIO, maior empresa independente de \u00f3leo e g\u00e1s do Brasil, sediada no Rio de Janeiro, far\u00e1 um&#8230;<\/p>\n","protected":false},"author":1527,"featured_media":53753,"comment_status":"closed","ping_status":"closed","sticky":false,"template":"","format":"standard","meta":{"footnotes":""},"categories":[6],"tags":[],"class_list":["post-53751","post","type-post","status-publish","format-standard","has-post-thumbnail","hentry","category-noticias"],"_links":{"self":[{"href":"https:\/\/www.sincomam.org.br\/index.php\/wp-json\/wp\/v2\/posts\/53751","targetHints":{"allow":["GET"]}}],"collection":[{"href":"https:\/\/www.sincomam.org.br\/index.php\/wp-json\/wp\/v2\/posts"}],"about":[{"href":"https:\/\/www.sincomam.org.br\/index.php\/wp-json\/wp\/v2\/types\/post"}],"author":[{"embeddable":true,"href":"https:\/\/www.sincomam.org.br\/index.php\/wp-json\/wp\/v2\/users\/1527"}],"replies":[{"embeddable":true,"href":"https:\/\/www.sincomam.org.br\/index.php\/wp-json\/wp\/v2\/comments?post=53751"}],"version-history":[{"count":1,"href":"https:\/\/www.sincomam.org.br\/index.php\/wp-json\/wp\/v2\/posts\/53751\/revisions"}],"predecessor-version":[{"id":53754,"href":"https:\/\/www.sincomam.org.br\/index.php\/wp-json\/wp\/v2\/posts\/53751\/revisions\/53754"}],"wp:featuredmedia":[{"embeddable":true,"href":"https:\/\/www.sincomam.org.br\/index.php\/wp-json\/wp\/v2\/media\/53753"}],"wp:attachment":[{"href":"https:\/\/www.sincomam.org.br\/index.php\/wp-json\/wp\/v2\/media?parent=53751"}],"wp:term":[{"taxonomy":"category","embeddable":true,"href":"https:\/\/www.sincomam.org.br\/index.php\/wp-json\/wp\/v2\/categories?post=53751"},{"taxonomy":"post_tag","embeddable":true,"href":"https:\/\/www.sincomam.org.br\/index.php\/wp-json\/wp\/v2\/tags?post=53751"}],"curies":[{"name":"wp","href":"https:\/\/api.w.org\/{rel}","templated":true}]}}