{"id":53731,"date":"2024-09-03T07:53:53","date_gmt":"2024-09-03T10:53:53","guid":{"rendered":"http:\/\/www.sincomam.org.br\/?p=53731"},"modified":"2024-09-03T07:53:53","modified_gmt":"2024-09-03T10:53:53","slug":"governo-federal-destina-r-400-milhoes-para-revitalizacao-do-porto-do-rio-de-janeiro","status":"publish","type":"post","link":"https:\/\/www.sincomam.org.br\/index.php\/governo-federal-destina-r-400-milhoes-para-revitalizacao-do-porto-do-rio-de-janeiro\/","title":{"rendered":"Governo Federal destina R$ 400 Milh\u00f5es para revitaliza\u00e7\u00e3o do Porto do Rio de Janeiro"},"content":{"rendered":"<p>Investimentos em dragagem e infraestrutura prometem impulsionar a competitividade do terminal carioca, gerando novos empregos e oportunidades econ\u00f4micas para a regi\u00e3o<\/p>\n<p>&nbsp;<\/p>\n<p>Com investimentos do Novo PAC, os recursos ser\u00e3o investidos em obras de dragagem e melhorias na infraestrutura portu\u00e1ria.<\/p>\n<p>&nbsp;<\/p>\n<p>O ministro de Portos e Aeroportos, Silvio Costa Filho, e o secret\u00e1rio Nacional de Portos e Transportes Aquavi\u00e1rios, Alex Avila, participaram de uma cerim\u00f4nia no Porto do Rio de Janeiro onde foram anunciados importantes investimentos em dragagens e um novo projeto de coopera\u00e7\u00e3o t\u00e9cnica entre o Governo Brasileiro e a Organiza\u00e7\u00e3o das Na\u00e7\u00f5es Unidas para a Educa\u00e7\u00e3o, a Ci\u00eancia e a Cultura (Unesco).<\/p>\n<p>O primeiro an\u00fancio destacou a dragagem do Porto do Rio de Janeiro para navios New Panamax, com comprimento de 366 metros, largura de 52 metros e capacidade para aproximadamente 14 mil TEUs (equivalente a cont\u00eaineres de 20 p\u00e9s). Com conclus\u00e3o prevista para novembro e um investimento de R$ 163 milh\u00f5es, esta obra \u00e9 estrat\u00e9gica tanto para o porto quanto para o agroneg\u00f3cio brasileiro e para o pa\u00eds na totalidade. Este investimento n\u00e3o s\u00f3 impulsionar\u00e1 a economia nacional, mas tamb\u00e9m promover\u00e1 o desenvolvimento regional e garantir\u00e1 maior seguran\u00e7a na navega\u00e7\u00e3o.<\/p>\n<p>O ministro Silvio comentou sobre a recente contrata\u00e7\u00e3o, destacando a import\u00e2ncia do investimento: \u201cA contrata\u00e7\u00e3o dessa draga, uma das maiores do mundo, permitir\u00e1 que o Porto opere com navios de 366 metros. Esta iniciativa representa um gesto de ousadia do Governo Federal e demonstra nosso compromisso com o crescimento do Porto do Rio de Janeiro. Estamos trabalhando arduamente pelo Brasil e j\u00e1 vimos resultados significativos, com um crescimento de 23% no primeiro semestre de 2024 em compara\u00e7\u00e3o ao mesmo per\u00edodo do ano passado. \u00c9 um esfor\u00e7o intenso, mas estamos totalmente comprometidos com a melhoria da infraestrutura portu\u00e1ria brasileira\u201d.<\/p>\n<p>Na mesma oportunidade, foram divulgadas as obras de dragagem do Cais da Gamboa e de Barra Grande, que ter\u00e3o in\u00edcio no dia 30 de outubro. Com um investimento de quase R$ 117 milh\u00f5es, essas obras fazem parte do Novo Programa de Acelera\u00e7\u00e3o do Crescimento (PAC) e est\u00e3o previstas para os anos de 2024 e 2025.<\/p>\n<p>Al\u00e9m disso, foi destacada a dragagem de manuten\u00e7\u00e3o no Canal do Mangue, a \u00e1rea com maior incid\u00eancia de sedimenta\u00e7\u00e3o no Porto do Rio de Janeiro. Com um investimento de R$ 11,5 milh\u00f5es, o servi\u00e7o est\u00e1 previsto para come\u00e7ar no dia 30 de outubro.<\/p>\n<p>As obras de dragagem s\u00e3o essenciais tanto para o Porto do Rio de Janeiro, quanto para a economia nacional, pois \u00e9 a dragagem que garante uma profundidade segura e adequada para as embarca\u00e7\u00f5es e sustenta o fluxo de com\u00e9rcio e a competitividade do porto em um cen\u00e1rio global. Al\u00e9m disso, os investimentos contribuem para impulsionar a economia local, atraindo novas opera\u00e7\u00f5es e neg\u00f3cios e gerando mais oportunidades de emprego.<\/p>\n<p>Junto com as obras de dragagens, foi anunciado um significativo projeto de coopera\u00e7\u00e3o t\u00e9cnica entre o Governo Brasileiro e a Unesco. Esta iniciativa visa promover o desenvolvimento sustent\u00e1vel dos portos do Rio de Janeiro, alinhando as opera\u00e7\u00f5es portu\u00e1rias com a preserva\u00e7\u00e3o ambiental e o bem-estar social, e consolidar uma pol\u00edtica robusta de responsabilidade socioambiental nas \u00e1reas portu\u00e1rias e seus arredores. O projeto se concentrar\u00e1 na identifica\u00e7\u00e3o e implementa\u00e7\u00e3o de pr\u00e1ticas sustent\u00e1veis, como a melhoria da efici\u00eancia energ\u00e9tica, a gest\u00e3o adequada de res\u00edduos, a preserva\u00e7\u00e3o de ecossistemas locais e a promo\u00e7\u00e3o da conscientiza\u00e7\u00e3o e educa\u00e7\u00e3o ambiental.<\/p>\n<p>Adicionalmente, a parceria contribuir\u00e1 para a mitiga\u00e7\u00e3o e adapta\u00e7\u00e3o \u00e0s mudan\u00e7as clim\u00e1ticas, alinhando-se aos objetivos do Acordo de Paris. Tamb\u00e9m ser\u00e3o implementadas a\u00e7\u00f5es para compensar os impactos negativos da infraestrutura portu\u00e1ria, maximizando seus benef\u00edcios e assegurando um impacto positivo duradouro.<\/p>\n<p><strong>FGV<\/strong><br \/>\nPela manh\u00e3, o ministro Silvio Costa Filho participou da Mesa Redonda sobre Desenvolvimento Econ\u00f4mico e Social do Rio de Janeiro, com o tema \u201cConcess\u00f5es Portu\u00e1rias e Aeroportu\u00e1rias\u201d, realizada na Funda\u00e7\u00e3o Get\u00falio Vargas.<\/p>\n<p>Durante o evento, foram abordadas novas tecnologias aplicadas \u00e0 gest\u00e3o e opera\u00e7\u00e3o de portos e aeroportos, bem como pol\u00edticas regulat\u00f3rias e p\u00fablicas que impactam o setor. Tamb\u00e9m foram discutidas pr\u00e1ticas sustent\u00e1veis e de responsabilidade social adotadas pelas concession\u00e1rias, al\u00e9m de uma an\u00e1lise das concess\u00f5es portu\u00e1rias e aeroportu\u00e1rias em andamento.<\/p>\n<p>Fonte: Minist\u00e9rio dos Portos e Aeroportos<\/p>\n","protected":false},"excerpt":{"rendered":"<p>Investimentos em dragagem e infraestrutura prometem impulsionar a competitividade do terminal carioca, gerando novos empregos e oportunidades econ\u00f4micas para a regi\u00e3o &nbsp; Com investimentos do&#8230;<\/p>\n","protected":false},"author":1527,"featured_media":53733,"comment_status":"closed","ping_status":"closed","sticky":false,"template":"","format":"standard","meta":{"footnotes":""},"categories":[6],"tags":[],"class_list":["post-53731","post","type-post","status-publish","format-standard","has-post-thumbnail","hentry","category-noticias"],"_links":{"self":[{"href":"https:\/\/www.sincomam.org.br\/index.php\/wp-json\/wp\/v2\/posts\/53731","targetHints":{"allow":["GET"]}}],"collection":[{"href":"https:\/\/www.sincomam.org.br\/index.php\/wp-json\/wp\/v2\/posts"}],"about":[{"href":"https:\/\/www.sincomam.org.br\/index.php\/wp-json\/wp\/v2\/types\/post"}],"author":[{"embeddable":true,"href":"https:\/\/www.sincomam.org.br\/index.php\/wp-json\/wp\/v2\/users\/1527"}],"replies":[{"embeddable":true,"href":"https:\/\/www.sincomam.org.br\/index.php\/wp-json\/wp\/v2\/comments?post=53731"}],"version-history":[{"count":1,"href":"https:\/\/www.sincomam.org.br\/index.php\/wp-json\/wp\/v2\/posts\/53731\/revisions"}],"predecessor-version":[{"id":53734,"href":"https:\/\/www.sincomam.org.br\/index.php\/wp-json\/wp\/v2\/posts\/53731\/revisions\/53734"}],"wp:featuredmedia":[{"embeddable":true,"href":"https:\/\/www.sincomam.org.br\/index.php\/wp-json\/wp\/v2\/media\/53733"}],"wp:attachment":[{"href":"https:\/\/www.sincomam.org.br\/index.php\/wp-json\/wp\/v2\/media?parent=53731"}],"wp:term":[{"taxonomy":"category","embeddable":true,"href":"https:\/\/www.sincomam.org.br\/index.php\/wp-json\/wp\/v2\/categories?post=53731"},{"taxonomy":"post_tag","embeddable":true,"href":"https:\/\/www.sincomam.org.br\/index.php\/wp-json\/wp\/v2\/tags?post=53731"}],"curies":[{"name":"wp","href":"https:\/\/api.w.org\/{rel}","templated":true}]}}