{"id":53726,"date":"2024-09-03T07:52:42","date_gmt":"2024-09-03T10:52:42","guid":{"rendered":"http:\/\/www.sincomam.org.br\/?p=53726"},"modified":"2024-09-03T07:52:56","modified_gmt":"2024-09-03T10:52:56","slug":"53726","status":"publish","type":"post","link":"https:\/\/www.sincomam.org.br\/index.php\/53726\/","title":{"rendered":"Portonave \u00e9 premiada pelo compromisso com a redu\u00e7\u00e3o de gases poluentes nas opera\u00e7\u00f5es"},"content":{"rendered":"<p>A Portonave, primeiro terminal portu\u00e1rio privado de cont\u00eaineres do pa\u00eds, recebeu o Pr\u00eamio Express\u00e3o de Ecologia na categoria Conserva\u00e7\u00e3o de Energia, com o case \u201cTransi\u00e7\u00e3o Energ\u00e9tica na Atividade Portu\u00e1ria e seu Impacto na Redu\u00e7\u00e3o de Emiss\u00f5es de Gases de Efeito Estufa (GEE)\u201d. A cerim\u00f4nia de entrega do trof\u00e9u Onda Verde foi realizada pela Editora Express\u00e3o em Florian\u00f3polis, no s\u00e1bado (31). No total, 121 projetos se inscreveram e 30 receberam o pr\u00eamio, que tem como objetivo parabenizar as organiza\u00e7\u00f5es engajadas com atitudes sustent\u00e1veis.<\/p>\n<p>O Terminal Portu\u00e1rio realiza investimentos pioneiros para reduzir a emiss\u00e3o de GEE em suas opera\u00e7\u00f5es, principalmente as emiss\u00f5es diretas (Escopo 1) e indiretas relacionadas a consumo de energia (Escopo 2), como a compra de equipamentos ecol\u00f3gicos e o uso de energia limpa. De 2016 a 2023, obteve uma redu\u00e7\u00e3o de cerca de 60% das emiss\u00f5es de GEE para cada TEU (unidade de medida equivalente a um cont\u00eainer de 20 p\u00e9s) movimentado, atingindo, no ano passado, o menor \u00edndice da s\u00e9rie hist\u00f3rica. Durante esse per\u00edodo, a redu\u00e7\u00e3o das emiss\u00f5es somou quase 50 mil toneladas de carbono equivalente (tCO2e).<\/p>\n<p>A Companhia executa uma obra de R$ 1 bilh\u00e3o para o recebimento de navios maiores, de at\u00e9 400m de comprimento. Iniciada em janeiro deste ano, a Obra do Cais tamb\u00e9m possibilitar\u00e1 a instala\u00e7\u00e3o de um sistema capaz de alimentar os navios por meio de energia el\u00e9trica, em prol do meio ambiente e desenvolvimento sustent\u00e1vel a longo prazo.<\/p>\n<p>Esta \u00e9 a quinta vez que a empresa recebe o pr\u00eamio. No ano passado, a Portonave foi reconhecida na categoria Gest\u00e3o ESG (Meio ambiente, Social e Governan\u00e7a, em portugu\u00eas). Tamb\u00e9m, foi premiada em Recupera\u00e7\u00e3o de \u00c1reas Degradadas, em 2016, e Gest\u00e3o Ambiental, em 2009 e 2012.<\/p>\n<p>Nesta 30\u00aa edi\u00e7\u00e3o do Pr\u00eamio Express\u00e3o de Ecologia, o Diretor-Superintendente Administrativo do Terminal Portu\u00e1rio, Osmari de Castilho Ribas, tamb\u00e9m foi reconhecido com o Pr\u00eamio L\u00edderes de Express\u00e3o, que homenageia as lideran\u00e7as comprometidas com a sustentabilidade.<\/p>\n<p><strong>Investimentos constantes para descarboniza\u00e7\u00e3o<\/strong><\/p>\n<p>Com objetivo de avaliar a troca de nossa frota por alternativas mais ecol\u00f3gicas, neste ano, a Companhia iniciou as opera\u00e7\u00f5es do primeiro Terminal El\u00e9trico no Sul do pa\u00eds, 100% el\u00e9trico, sem emiss\u00e3o de gases poluentes. Nos \u00faltimos anos, adquiriu a primeira Eco Reach Stacker da Am\u00e9rica Latina, com redu\u00e7\u00e3o de 40% da emiss\u00e3o de GEE, e instalou 318 placas fotovoltaicas para gera\u00e7\u00e3o de energia limpa. Desde 2022, obt\u00e9m anualmente o certificado I-REC, o que garante a aquisi\u00e7\u00e3o de energia limpa para as opera\u00e7\u00f5es da empresa. Um marco para a redu\u00e7\u00e3o das emiss\u00f5es foi a eletrifica\u00e7\u00e3o dos 18 Rubber Tyred Gantry (RTG), guindastes para movimenta\u00e7\u00e3o de cont\u00eaineres, em 2016, o que reduziu em 96,5% a emiss\u00e3o de gases poluentes dos equipamentos, antes movidos a diesel.<\/p>\n<p><strong>Invent\u00e1rio de Emiss\u00f5es GEE<\/strong><\/p>\n<p>Desde 2010, a Portonave divulga o Invent\u00e1rio de Emiss\u00f5es de GEE, com base no GHG Protocol, que auxilia na identifica\u00e7\u00e3o de pontos cr\u00edticos em rela\u00e7\u00e3o \u00e0s emiss\u00f5es e ado\u00e7\u00e3o das medidas estrat\u00e9gicas de redu\u00e7\u00e3o. Neste ano, a Companhia foi reconhecida com o selo prata do Programa Brasileiro GHG Protocol, devido \u00e0 publica\u00e7\u00e3o do invent\u00e1rio completo, com informa\u00e7\u00f5es das emiss\u00f5es diretas e indiretas referentes ao ano de 2023. Para conferir, acesse: https:\/\/registropublicodeemissoes.fgv.br\/estatistica\/estatistica-participantes\/2354<\/p>\n<p><strong>Parcerias em busca do desenvolvimento sustent\u00e1vel\u00a0<\/strong><\/p>\n<p>O Terminal se tornou membro, neste ano, da Alian\u00e7a Brasileira para Descarboniza\u00e7\u00e3o de Portos, iniciativa que surgiu de uma parceria entre o Porto de Itaqui e a Valencia Ports, com objetivo de buscar solu\u00e7\u00f5es integradas com a colabora\u00e7\u00e3o dos mais diversos atores, nacionais e internacionais, como outros portos, empresas e sindicatos. Al\u00e9m disso, e parceria com a Universidade do Vale do Itaja\u00ed (Univali), a Companhia realiza um levantamento dos riscos das mudan\u00e7as clim\u00e1ticas na infraestrutura portu\u00e1ria, que inclui a estrutura\u00e7\u00e3o de um plano de a\u00e7\u00e3o para o Terminal.<\/p>\n<p>Fonte: Informativo dos Portos<\/p>\n","protected":false},"excerpt":{"rendered":"<p>A Portonave, primeiro terminal portu\u00e1rio privado de cont\u00eaineres do pa\u00eds, recebeu o Pr\u00eamio Express\u00e3o de Ecologia na categoria Conserva\u00e7\u00e3o de Energia, com o case \u201cTransi\u00e7\u00e3o&#8230;<\/p>\n","protected":false},"author":1527,"featured_media":53728,"comment_status":"closed","ping_status":"closed","sticky":false,"template":"","format":"standard","meta":{"footnotes":""},"categories":[6],"tags":[],"class_list":["post-53726","post","type-post","status-publish","format-standard","has-post-thumbnail","hentry","category-noticias"],"_links":{"self":[{"href":"https:\/\/www.sincomam.org.br\/index.php\/wp-json\/wp\/v2\/posts\/53726","targetHints":{"allow":["GET"]}}],"collection":[{"href":"https:\/\/www.sincomam.org.br\/index.php\/wp-json\/wp\/v2\/posts"}],"about":[{"href":"https:\/\/www.sincomam.org.br\/index.php\/wp-json\/wp\/v2\/types\/post"}],"author":[{"embeddable":true,"href":"https:\/\/www.sincomam.org.br\/index.php\/wp-json\/wp\/v2\/users\/1527"}],"replies":[{"embeddable":true,"href":"https:\/\/www.sincomam.org.br\/index.php\/wp-json\/wp\/v2\/comments?post=53726"}],"version-history":[{"count":2,"href":"https:\/\/www.sincomam.org.br\/index.php\/wp-json\/wp\/v2\/posts\/53726\/revisions"}],"predecessor-version":[{"id":53730,"href":"https:\/\/www.sincomam.org.br\/index.php\/wp-json\/wp\/v2\/posts\/53726\/revisions\/53730"}],"wp:featuredmedia":[{"embeddable":true,"href":"https:\/\/www.sincomam.org.br\/index.php\/wp-json\/wp\/v2\/media\/53728"}],"wp:attachment":[{"href":"https:\/\/www.sincomam.org.br\/index.php\/wp-json\/wp\/v2\/media?parent=53726"}],"wp:term":[{"taxonomy":"category","embeddable":true,"href":"https:\/\/www.sincomam.org.br\/index.php\/wp-json\/wp\/v2\/categories?post=53726"},{"taxonomy":"post_tag","embeddable":true,"href":"https:\/\/www.sincomam.org.br\/index.php\/wp-json\/wp\/v2\/tags?post=53726"}],"curies":[{"name":"wp","href":"https:\/\/api.w.org\/{rel}","templated":true}]}}