{"id":5372,"date":"2014-05-09T08:00:54","date_gmt":"2014-05-09T11:00:54","guid":{"rendered":"http:\/\/www.sincomam.org.br\/?p=5372"},"modified":"2014-05-08T22:45:31","modified_gmt":"2014-05-09T01:45:31","slug":"setor-privado-prepara-propostas-para-aperfeicoar-lei-dos-portos","status":"publish","type":"post","link":"https:\/\/www.sincomam.org.br\/index.php\/setor-privado-prepara-propostas-para-aperfeicoar-lei-dos-portos\/","title":{"rendered":"Setor privado prepara propostas para &#8216;aperfei\u00e7oar&#8217; Lei dos Portos"},"content":{"rendered":"<p>A Associa\u00e7\u00e3o Brasileira dos Terminais Portu\u00e1rios (ABTP) est\u00e1 dialogando com entidades empresariais e a Comiss\u00e3o Portos para formalizar um projeto de aperfei\u00e7oamento da nova Lei dos Portos (12.815\/2013), que completa um ano em junho, mas ainda gera muito inseguran\u00e7a jur\u00eddica. A ideia \u00e9 apresentar um documento com propostas conjuntas dos empres\u00e1rios aos tr\u00eas principais candidatos \u00e0 presid\u00eancia da rep\u00fablica apontados pelas pesquisas com eleitores: Dilma Rousseff (PT), A\u00e9cio Neves (PSDB) e Eduardo Campos (PSB).<\/p>\n<p>De acordo com o diretor presidente da ABTP, Wilen Manteli, o objetivo \u00e9 que as entidades empresariais cobrem do candidato eleito, seja ele qual for, mudan\u00e7as que estimulem efetivamente o desenvolvimento do setor portu\u00e1rio. Ele acredita que a grande meta seja descentralizar a gest\u00e3o portu\u00e1ria e profissionalizar a administra\u00e7\u00e3o dos portos. Manteli lembra que as sete companhias docas registraram um passivo de mais de R$ 3,5 bilh\u00f5es em 2012, segundo informa\u00e7\u00f5es do BNDES.<\/p>\n<p>&#8220;A proposta \u00e9 liberdade para investir, liberdade para construir, para ampliar e para contratar \u2014 sejam servi\u00e7os, sejam trabalhadores. Sem liberdade e sem respeito \u00e0 lei, esse objetivo n\u00e3o avan\u00e7a&#8221;, defendeu Manteli, que participou, nesta quinta-feira (8), de f\u00f3rum sobre efici\u00eancia portu\u00e1ria e a nova Lei dos Portos, promovido pela Port Finance, no Rio de Janeiro.<\/p>\n<p>Na ocasi\u00e3o, o diretor executivo da Comiss\u00e3o Portos, Jo\u00e3o Em\u00edlio Freire Filho, acrescentou que a centraliza\u00e7\u00e3o das decis\u00f5es do setor lembra a \u00e9poca da extinta Portobr\u00e1s, quando uma simples pintura de guindaste num porto do Rio demandava tempo e deslocamento de funcion\u00e1rios das companhias docas at\u00e9 Bras\u00edlia. A comiss\u00e3o re\u00fane cerca de 20 entidades empresariais.<\/p>\n<p>Ele disse ainda que a dragagem acontecia de maneira mais r\u00e1pida quando o servi\u00e7o era executado diretamente pela pr\u00f3pia companhia docas. &#8220;Hoje, isso virou um neg\u00f3cio \u00e0 parte, que n\u00e3o tem nenhum nexo com a explora\u00e7\u00e3o efetiva do porto. Sem existir as condi\u00e7\u00f5es de navegabilidade, n\u00e3o podemos entrar no porto. Tem que existir algum processo para que isso seja retirado do governo&#8221;, lamenta Em\u00edlio.<\/p>\n<p>Fonte: Portos e Navios &#8211; Danilo Oliveira<\/p>\n","protected":false},"excerpt":{"rendered":"<p>A Associa\u00e7\u00e3o Brasileira dos Terminais Portu\u00e1rios (ABTP) est\u00e1 dialogando com entidades empresariais e a Comiss\u00e3o Portos para formalizar um projeto de aperfei\u00e7oamento da nova Lei&#8230;<\/p>\n","protected":false},"author":1182,"featured_media":4411,"comment_status":"closed","ping_status":"closed","sticky":false,"template":"","format":"standard","meta":{"footnotes":""},"categories":[6],"tags":[1132,1001,562,69,1133],"class_list":["post-5372","post","type-post","status-publish","format-standard","has-post-thumbnail","hentry","category-noticias","tag-abtp","tag-lei","tag-mudanca","tag-portos","tag-propostas"],"_links":{"self":[{"href":"https:\/\/www.sincomam.org.br\/index.php\/wp-json\/wp\/v2\/posts\/5372","targetHints":{"allow":["GET"]}}],"collection":[{"href":"https:\/\/www.sincomam.org.br\/index.php\/wp-json\/wp\/v2\/posts"}],"about":[{"href":"https:\/\/www.sincomam.org.br\/index.php\/wp-json\/wp\/v2\/types\/post"}],"author":[{"embeddable":true,"href":"https:\/\/www.sincomam.org.br\/index.php\/wp-json\/wp\/v2\/users\/1182"}],"replies":[{"embeddable":true,"href":"https:\/\/www.sincomam.org.br\/index.php\/wp-json\/wp\/v2\/comments?post=5372"}],"version-history":[{"count":1,"href":"https:\/\/www.sincomam.org.br\/index.php\/wp-json\/wp\/v2\/posts\/5372\/revisions"}],"predecessor-version":[{"id":5373,"href":"https:\/\/www.sincomam.org.br\/index.php\/wp-json\/wp\/v2\/posts\/5372\/revisions\/5373"}],"wp:featuredmedia":[{"embeddable":true,"href":"https:\/\/www.sincomam.org.br\/index.php\/wp-json\/wp\/v2\/media\/4411"}],"wp:attachment":[{"href":"https:\/\/www.sincomam.org.br\/index.php\/wp-json\/wp\/v2\/media?parent=5372"}],"wp:term":[{"taxonomy":"category","embeddable":true,"href":"https:\/\/www.sincomam.org.br\/index.php\/wp-json\/wp\/v2\/categories?post=5372"},{"taxonomy":"post_tag","embeddable":true,"href":"https:\/\/www.sincomam.org.br\/index.php\/wp-json\/wp\/v2\/tags?post=5372"}],"curies":[{"name":"wp","href":"https:\/\/api.w.org\/{rel}","templated":true}]}}