{"id":53704,"date":"2024-09-02T08:06:14","date_gmt":"2024-09-02T11:06:14","guid":{"rendered":"http:\/\/www.sincomam.org.br\/?p=53704"},"modified":"2024-09-02T08:06:22","modified_gmt":"2024-09-02T11:06:22","slug":"margem-equatorial-brasil-e-onu-avancam-na-analise-da-plataforma-continental","status":"publish","type":"post","link":"https:\/\/www.sincomam.org.br\/index.php\/margem-equatorial-brasil-e-onu-avancam-na-analise-da-plataforma-continental\/","title":{"rendered":"Margem Equatorial: Brasil e ONU avan\u00e7am na an\u00e1lise da plataforma continental"},"content":{"rendered":"<p>Entre os dias 12 e 16 de agosto, membros do Plano de Levantamento da Plataforma Continental Brasileira (LEPLAC) participaram de uma s\u00e9rie de reuni\u00f5es importantes com peritos da Comiss\u00e3o de Limites da Plataforma Continental (CLPC), em Nova Iorque. Os encontros foram realizados na Divis\u00e3o para Assuntos da Lei do Mar das Na\u00e7\u00f5es Unidas, dando continuidade \u00e0 61\u00aa Sess\u00e3o da CLPC, e tiveram como foco a amplia\u00e7\u00e3o da plataforma continental na Margem Equatorial brasileira.<\/p>\n<h3><strong>An\u00e1lise dos Peritos da ONU<\/strong><\/h3>\n<p>Durante as discuss\u00f5es, os peritos da subcomiss\u00e3o de limites da ONU apresentaram suas considera\u00e7\u00f5es gerais sobre a submiss\u00e3o brasileira relacionada \u00e0 Margem Equatorial. Os aspectos t\u00e9cnicos, incluindo o crit\u00e9rio de espessura sedimentar, foram amplamente abordados, com os resultados alinhados \u00e0s expectativas do\u00a0Brasil. Esse alinhamento refor\u00e7a a confian\u00e7a de que o processo est\u00e1 caminhando para um desfecho favor\u00e1vel ao pa\u00eds.<\/p>\n<h3><strong>Declara\u00e7\u00e3o do Embaixador S\u00e9rgio Danese<\/strong><\/h3>\n<p>Ao final das reuni\u00f5es, o Embaixador S\u00e9rgio Danese, representante do Brasil na Organiza\u00e7\u00e3o das Na\u00e7\u00f5es Unidas, destacou o ambiente de profissionalismo que marcou todo o processo, que j\u00e1 contabiliza mais de 30 reuni\u00f5es t\u00e9cnicas ao longo de seis anos. Danese enfatizou a import\u00e2ncia dessas negocia\u00e7\u00f5es para a soberania nacional, \u00e0 medida que o Brasil avan\u00e7a na defini\u00e7\u00e3o de seus limites mar\u00edtimos na Margem Equatorial.<\/p>\n<p>A expectativa \u00e9 que a an\u00e1lise final do processo seja conclu\u00edda no primeiro trimestre de 2025, durante a 63\u00aa Sess\u00e3o da CLPC, marcando um avan\u00e7o significativo na amplia\u00e7\u00e3o do territ\u00f3rio mar\u00edtimo brasileiro.<\/p>\n<div class=\"td-g-rec td-g-rec-id-content_bottom tdi_4 td_block_template_11\">Fonte: Defesa em Foco<\/div>\n","protected":false},"excerpt":{"rendered":"<p>Entre os dias 12 e 16 de agosto, membros do Plano de Levantamento da Plataforma Continental Brasileira (LEPLAC) participaram de uma s\u00e9rie de reuni\u00f5es importantes&#8230;<\/p>\n","protected":false},"author":1527,"featured_media":53706,"comment_status":"closed","ping_status":"closed","sticky":false,"template":"","format":"standard","meta":{"footnotes":""},"categories":[6],"tags":[],"class_list":["post-53704","post","type-post","status-publish","format-standard","has-post-thumbnail","hentry","category-noticias"],"_links":{"self":[{"href":"https:\/\/www.sincomam.org.br\/index.php\/wp-json\/wp\/v2\/posts\/53704","targetHints":{"allow":["GET"]}}],"collection":[{"href":"https:\/\/www.sincomam.org.br\/index.php\/wp-json\/wp\/v2\/posts"}],"about":[{"href":"https:\/\/www.sincomam.org.br\/index.php\/wp-json\/wp\/v2\/types\/post"}],"author":[{"embeddable":true,"href":"https:\/\/www.sincomam.org.br\/index.php\/wp-json\/wp\/v2\/users\/1527"}],"replies":[{"embeddable":true,"href":"https:\/\/www.sincomam.org.br\/index.php\/wp-json\/wp\/v2\/comments?post=53704"}],"version-history":[{"count":2,"href":"https:\/\/www.sincomam.org.br\/index.php\/wp-json\/wp\/v2\/posts\/53704\/revisions"}],"predecessor-version":[{"id":53708,"href":"https:\/\/www.sincomam.org.br\/index.php\/wp-json\/wp\/v2\/posts\/53704\/revisions\/53708"}],"wp:featuredmedia":[{"embeddable":true,"href":"https:\/\/www.sincomam.org.br\/index.php\/wp-json\/wp\/v2\/media\/53706"}],"wp:attachment":[{"href":"https:\/\/www.sincomam.org.br\/index.php\/wp-json\/wp\/v2\/media?parent=53704"}],"wp:term":[{"taxonomy":"category","embeddable":true,"href":"https:\/\/www.sincomam.org.br\/index.php\/wp-json\/wp\/v2\/categories?post=53704"},{"taxonomy":"post_tag","embeddable":true,"href":"https:\/\/www.sincomam.org.br\/index.php\/wp-json\/wp\/v2\/tags?post=53704"}],"curies":[{"name":"wp","href":"https:\/\/api.w.org\/{rel}","templated":true}]}}