{"id":53681,"date":"2024-08-30T07:51:42","date_gmt":"2024-08-30T10:51:42","guid":{"rendered":"http:\/\/www.sincomam.org.br\/?p=53681"},"modified":"2024-08-30T07:51:42","modified_gmt":"2024-08-30T10:51:42","slug":"super-terminais-apresenta-operacao-de-r-15-milhoes-para-manter-logistica-na-zona-franca-de-manaus-durante-a-seca","status":"publish","type":"post","link":"https:\/\/www.sincomam.org.br\/index.php\/super-terminais-apresenta-operacao-de-r-15-milhoes-para-manter-logistica-na-zona-franca-de-manaus-durante-a-seca\/","title":{"rendered":"Super terminais apresenta opera\u00e7\u00e3o de R$ 15 milh\u00f5es para manter log\u00edstica na Zona Franca de Manaus durante a seca"},"content":{"rendered":"<p>O Super Terminais, terminal privativo no Polo Industrial de Manaus, participou na \u00faltima quarta-feira (28) da 7\u00aa Reuni\u00e3o da Comiss\u00e3o CIEAM de Log\u00edstica, que reuniu representantes da ind\u00fastria amazonense, empres\u00e1rios e autoridades. Durante o encontro, foram discutidas estrat\u00e9gias log\u00edsticas para garantir o abastecimento e escoamento de insumos na Zona Franca de Manaus, em resposta \u00e0 seca que afeta a regi\u00e3o.<\/p>\n<p>O diretor do Super Terminais, Marcello Di Gregorio, apresentou a Opera\u00e7\u00e3o Itacoatiara, uma iniciativa com investimento de R$ 15 milh\u00f5es, destinada a mitigar os impactos da seca e assegurar a continuidade das opera\u00e7\u00f5es no Polo Industrial de Manaus. O investimento inclui a aquisi\u00e7\u00e3o de equipamentos, estudos de batimetria e solo, al\u00e9m de cobrir despesas operacionais como transporte, alojamento e alimenta\u00e7\u00e3o dos funcion\u00e1rios.<\/p>\n<p>A opera\u00e7\u00e3o busca manter o abastecimento de insumos e o escoamento da produ\u00e7\u00e3o local, contribuindo para a estabilidade econ\u00f4mica e a preserva\u00e7\u00e3o de empregos na regi\u00e3o. A reuni\u00e3o tamb\u00e9m serviu para alinhar expectativas e esclarecer d\u00favidas com representantes da ind\u00fastria e autoridades presentes. O presidente-executivo do Centro da Ind\u00fastria do Estado do Amazonas (CIEAM), Dr. L\u00facio Fl\u00e1vio, e o coordenador da Comiss\u00e3o CIEAM de Log\u00edstica, Augusto Rocha, comentaram sobre a relev\u00e2ncia da opera\u00e7\u00e3o para a log\u00edstica da Zona Franca de Manaus e seu impacto no enfrentamento da seca no Amazonas.<\/p>\n<p>Fonte: Portos e Navios<\/p>\n","protected":false},"excerpt":{"rendered":"<p>O Super Terminais, terminal privativo no Polo Industrial de Manaus, participou na \u00faltima quarta-feira (28) da 7\u00aa Reuni\u00e3o da Comiss\u00e3o CIEAM de Log\u00edstica, que reuniu&#8230;<\/p>\n","protected":false},"author":1527,"featured_media":53683,"comment_status":"closed","ping_status":"closed","sticky":false,"template":"","format":"standard","meta":{"footnotes":""},"categories":[6],"tags":[],"class_list":["post-53681","post","type-post","status-publish","format-standard","has-post-thumbnail","hentry","category-noticias"],"_links":{"self":[{"href":"https:\/\/www.sincomam.org.br\/index.php\/wp-json\/wp\/v2\/posts\/53681","targetHints":{"allow":["GET"]}}],"collection":[{"href":"https:\/\/www.sincomam.org.br\/index.php\/wp-json\/wp\/v2\/posts"}],"about":[{"href":"https:\/\/www.sincomam.org.br\/index.php\/wp-json\/wp\/v2\/types\/post"}],"author":[{"embeddable":true,"href":"https:\/\/www.sincomam.org.br\/index.php\/wp-json\/wp\/v2\/users\/1527"}],"replies":[{"embeddable":true,"href":"https:\/\/www.sincomam.org.br\/index.php\/wp-json\/wp\/v2\/comments?post=53681"}],"version-history":[{"count":1,"href":"https:\/\/www.sincomam.org.br\/index.php\/wp-json\/wp\/v2\/posts\/53681\/revisions"}],"predecessor-version":[{"id":53684,"href":"https:\/\/www.sincomam.org.br\/index.php\/wp-json\/wp\/v2\/posts\/53681\/revisions\/53684"}],"wp:featuredmedia":[{"embeddable":true,"href":"https:\/\/www.sincomam.org.br\/index.php\/wp-json\/wp\/v2\/media\/53683"}],"wp:attachment":[{"href":"https:\/\/www.sincomam.org.br\/index.php\/wp-json\/wp\/v2\/media?parent=53681"}],"wp:term":[{"taxonomy":"category","embeddable":true,"href":"https:\/\/www.sincomam.org.br\/index.php\/wp-json\/wp\/v2\/categories?post=53681"},{"taxonomy":"post_tag","embeddable":true,"href":"https:\/\/www.sincomam.org.br\/index.php\/wp-json\/wp\/v2\/tags?post=53681"}],"curies":[{"name":"wp","href":"https:\/\/api.w.org\/{rel}","templated":true}]}}