{"id":53672,"date":"2024-08-29T10:19:58","date_gmt":"2024-08-29T13:19:58","guid":{"rendered":"http:\/\/www.sincomam.org.br\/?p=53672"},"modified":"2024-08-29T10:19:58","modified_gmt":"2024-08-29T13:19:58","slug":"luiz-marinho-aponta-a-informalidade-e-a-baixa-remuneracao-como-desafios-do-trabalho-contemporaneo","status":"publish","type":"post","link":"https:\/\/www.sincomam.org.br\/index.php\/luiz-marinho-aponta-a-informalidade-e-a-baixa-remuneracao-como-desafios-do-trabalho-contemporaneo\/","title":{"rendered":"Luiz Marinho aponta a informalidade e a baixa remunera\u00e7\u00e3o como desafios do trabalho contempor\u00e2neo"},"content":{"rendered":"<div id=\"content-core\">\n<div id=\"parent-fieldname-text\" class=\"\">\n<div>\n<p>O ministro do Trabalho e Emprego, Luiz Marinho, participou nesta ter\u00e7a-feira (26) na sede do Banco Nacional de Desenvolvimento Econ\u00f4mico e Social (BNDES) no Rio de Janeiro, da abertura do Semin\u00e1rio Internacional de Desenvolvimento e Mundo do Trabalho: desafios para as Pol\u00edticas P\u00fablicas e Negocia\u00e7\u00f5es Coletivas. Ao lado do presidente do BNDES, Alo\u00edsio Mercadante, o ministro destacou o crescimento do emprego no pa\u00eds, ressaltando os desafios contempor\u00e2neos do trabalho, como a informalidade e a baixa remunera\u00e7\u00e3o. Nesta quarta-feira (28) o ministro anuncia em Bras\u00edlia os n\u00fameros do emprego do Caged relativo ao m\u00eas de julho e adiantou que os dados \u201cser\u00e3o positivos para o pa\u00eds\u201d.<\/p>\n<p>O evento, que contou com a participa\u00e7\u00e3o de especialistas do Brasil e de v\u00e1rias institui\u00e7\u00f5es internacionais e abordou os desafios e as oportunidades para o desenvolvimento e o trabalho no Brasil, foi organizado pelo Banco Nacional de Desenvolvimento Econ\u00f4mico e Social (BNDES), em parceria com o Minist\u00e9rio do Trabalho e Emprego (MTE), centrais sindicais (CUT, UGT, FS, CTB, NSCT, CSB) e a Funda\u00e7\u00e3o Friedrich Ebert (FES).<\/p>\n<p>O ministro ressaltou em sua fala aos participantes da import\u00e2ncia dos investimentos p\u00fablicos para a reindustrializa\u00e7\u00e3o do pa\u00eds, que impactam diretamente na qualidade do emprego e na melhoria dos sal\u00e1rios. Luiz Marinho defendeu o papel essencial dos bancos p\u00fablicos e das estatais, como a Petrobr\u00e1s, Banco do Brasil e Caixa Econ\u00f4mica, que segundo destacou, s\u00e3o indutores de inova\u00e7\u00e3o e impulsionadores da ind\u00fastria nacional, chmando aten\u00e7\u00e3o para os desafios contempor\u00e2neos do trabalho, como a informalidade e a baixa remunera\u00e7\u00e3o, al\u00e9m da necessidade de uma compreens\u00e3o aprofundada dos movimentos atuais, propondo estrat\u00e9gias inovadoras para enfrentar as transforma\u00e7\u00f5es aceleradas que impactam o mundo do trabalho.<\/p>\n<p>Ele enfatizou tamb\u00e9m a import\u00e2ncia de fortalecer a negocia\u00e7\u00e3o coletiva e a representatividade sindical, al\u00e9m de promover pol\u00edticas p\u00fablicas de emprego, trabalho e renda adaptadas \u00e0s novas realidades, acentuando a necessidade de um debate no Congresso sobre a reorganiza\u00e7\u00e3o das finan\u00e7as sindicais para garantir o direito leg\u00edtimo de contribui\u00e7\u00e3o para fortalecer o movimento sindical no Brasil.<\/p>\n<p>\u201cQueria chamar mais uma vez aten\u00e7\u00e3o de todo movimento sindical sobre a inclus\u00e3o nas negocia\u00e7\u00f5es de debates sobre aumento real de sal\u00e1rio, em especial nos pisos salariais de cada categoria\u201d, ressaltou Marinho.<\/p>\n<p>O presidente do BNDES, Aloizio Mercadante, destacou o papel crucial dos bancos p\u00fablicos na transi\u00e7\u00e3o energ\u00e9tica e na descarboniza\u00e7\u00e3o da economia, frisando sobre a necessidade urgente de interven\u00e7\u00e3o estatal para enfrentar crises clim\u00e1ticas e desastres naturais, como os inc\u00eandios em S\u00e3o Paulo e as enchentes no Rio Grande do Sul. Mercadante defendeu empresas p\u00fablicas, como a Petrobras, contra press\u00f5es por privatiza\u00e7\u00f5es, destacando seu papel central na economia brasileira e criticando \u201ca vis\u00e3o simplista de que privatiza\u00e7\u00e3o \u00e9 sin\u00f4nimo de efici\u00eancia\u201d.<\/p>\n<p>No campo da tecnologia, Mercadante alertou para a necessidade de o Brasil desenvolver supercomputadores e capacitar-se na cria\u00e7\u00e3o de modelos de linguagem (LLM) para intelig\u00eancia artificial, enfatizando a import\u00e2ncia de garantir a presen\u00e7a da cultura e economia brasileira no processamento de informa\u00e7\u00f5es da IA, evitando uma &#8220;neocoloniza\u00e7\u00e3o digital&#8221;.<\/p>\n<p>Christoph Heuser, representante da Funda\u00e7\u00e3o Friedrich Ebert no Brasil, destacou a import\u00e2ncia de discutir a rela\u00e7\u00e3o entre trabalho, mudan\u00e7as no trabalho e democracia. &#8220;Esse semin\u00e1rio \u00e9 de enorme import\u00e2ncia, pois as transi\u00e7\u00f5es profundas no trabalho t\u00eam um impacto significativo nas nossas vidas, especialmente na flexibiliza\u00e7\u00e3o das rela\u00e7\u00f5es laborais, que frequentemente agrava a situa\u00e7\u00e3o dos mais vulner\u00e1veis. Esses desafios n\u00e3o afetam apenas o trabalho individualmente, mas a sociedade como um todo, facilitando a atua\u00e7\u00e3o de atores externos&#8221;, afirmou. Ele ressaltou a responsabilidade dos pa\u00edses desenvolvidos, especialmente na Europa, de combater as desigualdades e promover uma transi\u00e7\u00e3o justa e sustent\u00e1vel, refor\u00e7ando a coopera\u00e7\u00e3o internacional atrav\u00e9s do di\u00e1logo.<\/p>\n<\/div>\n<\/div>\n<\/div>\n<div id=\"formfield-form-widgets-categoria\" class=\"field z3cformInlineValidation\">Fonte: Ag\u00eancia Brasil<\/div>\n","protected":false},"excerpt":{"rendered":"<p>O ministro do Trabalho e Emprego, Luiz Marinho, participou nesta ter\u00e7a-feira (26) na sede do Banco Nacional de Desenvolvimento Econ\u00f4mico e Social (BNDES) no Rio&#8230;<\/p>\n","protected":false},"author":1527,"featured_media":53674,"comment_status":"closed","ping_status":"closed","sticky":false,"template":"","format":"standard","meta":{"footnotes":""},"categories":[6],"tags":[],"class_list":["post-53672","post","type-post","status-publish","format-standard","has-post-thumbnail","hentry","category-noticias"],"_links":{"self":[{"href":"https:\/\/www.sincomam.org.br\/index.php\/wp-json\/wp\/v2\/posts\/53672","targetHints":{"allow":["GET"]}}],"collection":[{"href":"https:\/\/www.sincomam.org.br\/index.php\/wp-json\/wp\/v2\/posts"}],"about":[{"href":"https:\/\/www.sincomam.org.br\/index.php\/wp-json\/wp\/v2\/types\/post"}],"author":[{"embeddable":true,"href":"https:\/\/www.sincomam.org.br\/index.php\/wp-json\/wp\/v2\/users\/1527"}],"replies":[{"embeddable":true,"href":"https:\/\/www.sincomam.org.br\/index.php\/wp-json\/wp\/v2\/comments?post=53672"}],"version-history":[{"count":1,"href":"https:\/\/www.sincomam.org.br\/index.php\/wp-json\/wp\/v2\/posts\/53672\/revisions"}],"predecessor-version":[{"id":53675,"href":"https:\/\/www.sincomam.org.br\/index.php\/wp-json\/wp\/v2\/posts\/53672\/revisions\/53675"}],"wp:featuredmedia":[{"embeddable":true,"href":"https:\/\/www.sincomam.org.br\/index.php\/wp-json\/wp\/v2\/media\/53674"}],"wp:attachment":[{"href":"https:\/\/www.sincomam.org.br\/index.php\/wp-json\/wp\/v2\/media?parent=53672"}],"wp:term":[{"taxonomy":"category","embeddable":true,"href":"https:\/\/www.sincomam.org.br\/index.php\/wp-json\/wp\/v2\/categories?post=53672"},{"taxonomy":"post_tag","embeddable":true,"href":"https:\/\/www.sincomam.org.br\/index.php\/wp-json\/wp\/v2\/tags?post=53672"}],"curies":[{"name":"wp","href":"https:\/\/api.w.org\/{rel}","templated":true}]}}