{"id":53668,"date":"2024-08-29T10:17:47","date_gmt":"2024-08-29T13:17:47","guid":{"rendered":"http:\/\/www.sincomam.org.br\/?p=53668"},"modified":"2024-08-29T10:17:47","modified_gmt":"2024-08-29T13:17:47","slug":"caged-registra-criacao-de-188-mil-postos-de-trabalho-em-julho","status":"publish","type":"post","link":"https:\/\/www.sincomam.org.br\/index.php\/caged-registra-criacao-de-188-mil-postos-de-trabalho-em-julho\/","title":{"rendered":"Caged registra cria\u00e7\u00e3o de 188 mil postos de trabalho em julho"},"content":{"rendered":"<p>Ap\u00f3s subir em junho, a cria\u00e7\u00e3o de emprego formal caiu em julho. Segundo dados divulgados pelo Cadastro Geral de Empregados e Desempregados (Caged), do Minist\u00e9rio do Trabalho e Emprego, 188.021 postos de trabalho com carteira assinada foram abertos no \u00faltimo m\u00eas. O indicador mede a diferen\u00e7a entre contrata\u00e7\u00f5es e demiss\u00f5es.<img decoding=\"async\" src=\"https:\/\/agenciabrasil.ebc.com.br\/ebc.png?id=1609742&amp;o=node\" \/><img decoding=\"async\" src=\"https:\/\/agenciabrasil.ebc.com.br\/ebc.gif?id=1609742&amp;o=node\" \/><\/p>\n<p>A cria\u00e7\u00e3o de empregos subiu 32,3% em rela\u00e7\u00e3o ao mesmo m\u00eas do ano passado. Em julho de 2023, tinham sido criados 142.107 postos de trabalho, nos dados com ajuste, que consideram declara\u00e7\u00f5es entregues em atraso pelos empregadores. Em rela\u00e7\u00e3o aos meses de julho, o volume foi o maior desde 2022.<\/p>\n<p>Nos sete primeiros meses do ano, foram abertas 1.492.214 vagas. Esse resultado \u00e9 27,2% mais alto que no mesmo per\u00edodo do ano passado. A compara\u00e7\u00e3o considera os dados com ajustes, quando o Minist\u00e9rio do Trabalho registra declara\u00e7\u00f5es entregues fora do prazo pelos empregadores e retifica os dados de meses anteriores.<\/p>\n<p>O resultado acumulado \u00e9 o maior desde 2021, quando tinham sido criados 1.787.662 postos de trabalho de janeiro a julho. A mudan\u00e7a da metodologia do Caged n\u00e3o torna poss\u00edvel a compara\u00e7\u00e3o com anos anteriores a 2020.<\/p>\n<p>Apesar da acelera\u00e7\u00e3o em julho, o ministro do Trabalho, Luiz Marinho, manifestou preocupa\u00e7\u00e3o com um poss\u00edvel aumento de juros no segundo semestre. Tradicional cr\u00edtico da pol\u00edtica monet\u00e1ria do Banco Central, ele disse que uma poss\u00edvel eleva\u00e7\u00e3o na Taxa Selic (juros b\u00e1sicos da economia) pode comprometer os investimentos e prejudicar o mercado de trabalho e o or\u00e7amento p\u00fablico.<\/p>\n<p>\u201cIsso [um poss\u00edvel aumento de juros] \u00e9 uma aberra\u00e7\u00e3o econ\u00f4mica. Espero que o Banco Central fale sobre controlar a infla\u00e7\u00e3o pela oferta, n\u00e3o pela restri\u00e7\u00e3o de demanda\u201d, disse o ministro em entrevista coletiva.<\/p>\n<h2>Setores<\/h2>\n<p>Na divis\u00e3o por ramos de atividade, todos os cinco setores pesquisados criaram empregos formais em julho. A estat\u00edstica foi liderada pelos servi\u00e7os, com a abertura de 79.167 postos, seguidos pela ind\u00fastria (de transforma\u00e7\u00e3o, de extra\u00e7\u00e3o e de outros tipos), com 49.471 postos a mais. Em terceiro lugar, vem o com\u00e9rcio, com a cria\u00e7\u00e3o de 33.003 postos de trabalho.<\/p>\n<p>O n\u00edvel de emprego aumentou na constri\u00e7\u00e3o civil, com a abertura de 19.694 postos. Mesmo com a press\u00e3o pelo fim da safra de v\u00e1rios produtos, a agropecu\u00e1ria criou 6.688 vagas no m\u00eas passado.<\/p>\n<h2>Destaques<\/h2>\n<p>Nos servi\u00e7os, a cria\u00e7\u00e3o de empregos foi puxada pelo segmento de informa\u00e7\u00e3o, comunica\u00e7\u00e3o e atividades financeiras, imobili\u00e1rias, profissionais e administrativas, com a abertura de 45.352 postos formais. A categoria de administra\u00e7\u00e3o p\u00fablica, defesa e seguridade social, educa\u00e7\u00e3o, sa\u00fade humana e servi\u00e7os sociais abriu 11.102 vagas.<\/p>\n<p>Na ind\u00fastria, o destaque positivo ficou com a ind\u00fastria de transforma\u00e7\u00e3o, que contratou 45.803 trabalhadores a mais do que demitiu. Em segundo lugar, ficou o segmento de \u00e1gua, esgoto, gest\u00e3o de res\u00edduos e descontamina\u00e7\u00e3o, que abriu 1.986 vagas.<\/p>\n<p>As estat\u00edsticas do Caged apresentadas a partir 2020 n\u00e3o detalham as contrata\u00e7\u00f5es e demiss\u00f5es por segmentos do com\u00e9rcio. A s\u00e9rie hist\u00f3rica anterior separava os dados do com\u00e9rcio atacadista e varejista.<\/p>\n<h2>Regi\u00f5es<\/h2>\n<p>Todas as cinco regi\u00f5es brasileiras criaram empregos com carteira assinada em julho. O Sudeste liderou a abertura de vagas, com 82.549 postos a mais, seguido pelo Nordeste, com 39.341 postos. Em seguida, vem o Sul, com 33.025 postos. O Centro-Oeste abriu 15.347 postos de trabalho, e o Norte criou 13,5 mil vagas formais no m\u00eas passado.<\/p>\n<p>Na divis\u00e3o por unidades da Federa\u00e7\u00e3o, apenas o Esp\u00edrito Santo registrou saldo negativo, com a elimina\u00e7\u00e3o de 1.029 vagas. Os destaques na cria\u00e7\u00e3o de empregos foram S\u00e3o Paulo (+61.847 postos), Paran\u00e1 (+14.185) e Santa Catarina (+12.150). Os n\u00fameros mais baixos de abertura de vagas foram registrados no Amap\u00e1 (+472), no Tocantins (+205) e em Roraima (+137).<\/p>\n<h2>Rio Grande do Sul<\/h2>\n<p>Em rela\u00e7\u00e3o ao Rio Grande do Sul, o ministro do Trabalho e Emprego destacou que os dados positivos em julho refletem os investimentos do governo federal na reconstru\u00e7\u00e3o do estado, afetado por grandes enchentes em abril e maio.<\/p>\n<p>Segundo os n\u00fameros do Caged, 6.690 vagas foram abertas no Rio Grande do Sul em julho. Esse foi o primeiro saldo positivo desde abril. \u201cEu achava que isso [a gera\u00e7\u00e3o de empregos no territ\u00f3rio ga\u00facho] ia acontecer na passagem desse ano para o ano que vem. \u00c9 uma surpresa muito positiva desse processo\u201d, declarou Luiz Marinho.<\/p>\n<p>Fonte: Ag\u00eancia Brasil<\/p>\n","protected":false},"excerpt":{"rendered":"<p>Ap\u00f3s subir em junho, a cria\u00e7\u00e3o de emprego formal caiu em julho. Segundo dados divulgados pelo Cadastro Geral de Empregados e Desempregados (Caged), do Minist\u00e9rio&#8230;<\/p>\n","protected":false},"author":1527,"featured_media":53670,"comment_status":"closed","ping_status":"closed","sticky":false,"template":"","format":"standard","meta":{"footnotes":""},"categories":[6],"tags":[],"class_list":["post-53668","post","type-post","status-publish","format-standard","has-post-thumbnail","hentry","category-noticias"],"_links":{"self":[{"href":"https:\/\/www.sincomam.org.br\/index.php\/wp-json\/wp\/v2\/posts\/53668","targetHints":{"allow":["GET"]}}],"collection":[{"href":"https:\/\/www.sincomam.org.br\/index.php\/wp-json\/wp\/v2\/posts"}],"about":[{"href":"https:\/\/www.sincomam.org.br\/index.php\/wp-json\/wp\/v2\/types\/post"}],"author":[{"embeddable":true,"href":"https:\/\/www.sincomam.org.br\/index.php\/wp-json\/wp\/v2\/users\/1527"}],"replies":[{"embeddable":true,"href":"https:\/\/www.sincomam.org.br\/index.php\/wp-json\/wp\/v2\/comments?post=53668"}],"version-history":[{"count":1,"href":"https:\/\/www.sincomam.org.br\/index.php\/wp-json\/wp\/v2\/posts\/53668\/revisions"}],"predecessor-version":[{"id":53671,"href":"https:\/\/www.sincomam.org.br\/index.php\/wp-json\/wp\/v2\/posts\/53668\/revisions\/53671"}],"wp:featuredmedia":[{"embeddable":true,"href":"https:\/\/www.sincomam.org.br\/index.php\/wp-json\/wp\/v2\/media\/53670"}],"wp:attachment":[{"href":"https:\/\/www.sincomam.org.br\/index.php\/wp-json\/wp\/v2\/media?parent=53668"}],"wp:term":[{"taxonomy":"category","embeddable":true,"href":"https:\/\/www.sincomam.org.br\/index.php\/wp-json\/wp\/v2\/categories?post=53668"},{"taxonomy":"post_tag","embeddable":true,"href":"https:\/\/www.sincomam.org.br\/index.php\/wp-json\/wp\/v2\/tags?post=53668"}],"curies":[{"name":"wp","href":"https:\/\/api.w.org\/{rel}","templated":true}]}}