{"id":53634,"date":"2024-08-28T08:05:51","date_gmt":"2024-08-28T11:05:51","guid":{"rendered":"http:\/\/www.sincomam.org.br\/?p=53634"},"modified":"2024-08-28T08:05:51","modified_gmt":"2024-08-28T11:05:51","slug":"ibge-adequa-limite-leste-costeiro-marinho-do-brasil-a-amazonia-azul","status":"publish","type":"post","link":"https:\/\/www.sincomam.org.br\/index.php\/ibge-adequa-limite-leste-costeiro-marinho-do-brasil-a-amazonia-azul\/","title":{"rendered":"IBGE adequa limite leste costeiro-marinho do Brasil \u00e0 Amaz\u00f4nia Azul"},"content":{"rendered":"<p>O Instituto Brasileiro de Geografia e Estat\u00edstica (IBGE) disponibiliza a partir desta ter\u00e7a-feira (27) o novo limite leste do Sistema Costeiro-Marinho do pa\u00eds, em conson\u00e2ncia com a Amaz\u00f4nia Azul. Com essa adequa\u00e7\u00e3o, a \u00e1rea de soberania do Brasil passa a estar totalmente representada, ou seja, o territ\u00f3rio brasileiro fica composto por toda a sua por\u00e7\u00e3o mar\u00edtima oficialmente definida.<img decoding=\"async\" src=\"https:\/\/agenciabrasil.ebc.com.br\/ebc.png?id=1609487&amp;o=node\" \/><img decoding=\"async\" src=\"https:\/\/agenciabrasil.ebc.com.br\/ebc.gif?id=1609487&amp;o=node\" \/><\/p>\n<p>Al\u00e9m disso, a iniciativa busca alinhar os limites legais do territ\u00f3rio nacional junto a outros \u00f3rg\u00e3os governamentais e de pesquisa. A regi\u00e3o conhecida como Amaz\u00f4nia Azul compreende a superf\u00edcie do mar, \u00e1guas sobrejacentes ao leito do mar, al\u00e9m de solo e subsolo marinhos contidos na extens\u00e3o atl\u00e2ntica que se projeta a partir do litoral at\u00e9 o limite exterior da Plataforma Continental brasileira.<\/p>\n<p>O recorte lan\u00e7ado hoje busca atender \u00e0s expectativas de diferentes setores da sociedade interessados em um mapeamento que abranja a \u00e1rea mar\u00edtima sob jurisdi\u00e7\u00e3o brasileira, com a utiliza\u00e7\u00e3o da Amaz\u00f4nia Azul. A adequa\u00e7\u00e3o representa um aumento superior a 4 milh\u00f5es de quil\u00f4metros quadrado (km\u00b2) em \u00e1rea territorial. Vale lembrar que n\u00e3o houve altera\u00e7\u00e3o na por\u00e7\u00e3o continental, onde se encontram os ambientes costeiros, como as dunas, os mangues e as restingas, forma\u00e7\u00f5es pioneiras que se formaram sobre os sedimentos marinhos ao longo do litoral brasileiro.<\/p>\n<p>\u201cA partir de agora estamos alinhados com outras institui\u00e7\u00f5es do governo e de pesquisa no que se refere \u00e0 \u00e1rea jurisdicional brasileira. \u00c9 um ganho relevante para o Brasil, envolvendo quest\u00f5es pol\u00edticas, econ\u00f4micas, bem como de prote\u00e7\u00e3o e conserva\u00e7\u00e3o\u201d, Luciana Temponi, chefe de Setor do Meio Bi\u00f3tico do IBGE.<\/p>\n<p>Ela explicou ainda que, \u201ccom o reconhecimento internacional de parte da Amaz\u00f4nia Azul, permitindo a expans\u00e3o das \u00e1guas jurisdicionais brasileiras, e a recomenda\u00e7\u00e3o da Secretaria da Comiss\u00e3o Interministerial para os Recursos do Mar (SECIRM) sobre o uso desse limite, a atualiza\u00e7\u00e3o do Sistema Costeiro-Marinho nas publica\u00e7\u00f5es oficiais do pa\u00eds se tornou urgente\u201d.<\/p>\n<p>O coordenador de Meio Ambiente do IBGE, Therence de Sarti disse que antes o Sistema Costeiro-Marinho n\u00e3o estava integrado \u00e0 Amaz\u00f4nia Azul, \u00e1rea territorial que o Brasil pleiteia o reconhecimento pela Organiza\u00e7\u00e3o das Na\u00e7\u00f5es Unidas (ONU). \u201cA integra\u00e7\u00e3o das bases, portanto, \u00e9 fundamental. \u00c9 importante tamb\u00e9m que os brasileiros entendam a Amaz\u00f4nia Azul como parte do pa\u00eds. Esperamos contribuir com a gest\u00e3o sustent\u00e1vel da biodiversidade costeira e marinha, desde a sua populariza\u00e7\u00e3o na educa\u00e7\u00e3o b\u00e1sica, at\u00e9 o apoio ao estabelecimento de pol\u00edticas p\u00fablicas\u201d, destacou.<\/p>\n<p>Fonte: Ag\u00eancia Brasil<\/p>\n","protected":false},"excerpt":{"rendered":"<p>O Instituto Brasileiro de Geografia e Estat\u00edstica (IBGE) disponibiliza a partir desta ter\u00e7a-feira (27) o novo limite leste do Sistema Costeiro-Marinho do pa\u00eds, em conson\u00e2ncia&#8230;<\/p>\n","protected":false},"author":1527,"featured_media":53636,"comment_status":"closed","ping_status":"closed","sticky":false,"template":"","format":"standard","meta":{"footnotes":""},"categories":[6],"tags":[],"class_list":["post-53634","post","type-post","status-publish","format-standard","has-post-thumbnail","hentry","category-noticias"],"_links":{"self":[{"href":"https:\/\/www.sincomam.org.br\/index.php\/wp-json\/wp\/v2\/posts\/53634","targetHints":{"allow":["GET"]}}],"collection":[{"href":"https:\/\/www.sincomam.org.br\/index.php\/wp-json\/wp\/v2\/posts"}],"about":[{"href":"https:\/\/www.sincomam.org.br\/index.php\/wp-json\/wp\/v2\/types\/post"}],"author":[{"embeddable":true,"href":"https:\/\/www.sincomam.org.br\/index.php\/wp-json\/wp\/v2\/users\/1527"}],"replies":[{"embeddable":true,"href":"https:\/\/www.sincomam.org.br\/index.php\/wp-json\/wp\/v2\/comments?post=53634"}],"version-history":[{"count":1,"href":"https:\/\/www.sincomam.org.br\/index.php\/wp-json\/wp\/v2\/posts\/53634\/revisions"}],"predecessor-version":[{"id":53637,"href":"https:\/\/www.sincomam.org.br\/index.php\/wp-json\/wp\/v2\/posts\/53634\/revisions\/53637"}],"wp:featuredmedia":[{"embeddable":true,"href":"https:\/\/www.sincomam.org.br\/index.php\/wp-json\/wp\/v2\/media\/53636"}],"wp:attachment":[{"href":"https:\/\/www.sincomam.org.br\/index.php\/wp-json\/wp\/v2\/media?parent=53634"}],"wp:term":[{"taxonomy":"category","embeddable":true,"href":"https:\/\/www.sincomam.org.br\/index.php\/wp-json\/wp\/v2\/categories?post=53634"},{"taxonomy":"post_tag","embeddable":true,"href":"https:\/\/www.sincomam.org.br\/index.php\/wp-json\/wp\/v2\/tags?post=53634"}],"curies":[{"name":"wp","href":"https:\/\/api.w.org\/{rel}","templated":true}]}}