{"id":53624,"date":"2024-08-28T07:56:01","date_gmt":"2024-08-28T10:56:01","guid":{"rendered":"http:\/\/www.sincomam.org.br\/?p=53624"},"modified":"2024-08-28T07:56:01","modified_gmt":"2024-08-28T10:56:01","slug":"elas-comandam-o-mar-de-oportunidades-para-a-mulher-na-marinha-mercante","status":"publish","type":"post","link":"https:\/\/www.sincomam.org.br\/index.php\/elas-comandam-o-mar-de-oportunidades-para-a-mulher-na-marinha-mercante\/","title":{"rendered":"Elas comandam: o mar de oportunidades para a mulher na Marinha Mercante"},"content":{"rendered":"<p class=\"text-align-justify\">Em uma rede social, Monique Silveira divide o seu dia a dia de manobras e atua\u00e7\u00e3o pela Marinha Mercante com os seus quase 200 mil seguidores. A partir de seu perfil, ela registra cada detalhe da sua rotina como Imediato de navio (segunda pessoa no comando), em opera\u00e7\u00f5es de transporte de cargas, \u00e1gua e diesel para plataformas.<\/p>\n<p class=\"text-align-justify\">A profissional chega a revelar tudo sobre os benef\u00edcios da sua carreira: \u201cTrabalho 28 dias, tenho 28 dias de folga, recebo horas extras mar\u00edtimas, periculosidade, adicional noturno fixo, despesas de viagem, anu\u00eanio da empresa e todo esse somat\u00f3rio chega a 27 mil reais, al\u00e9m do vale-alimenta\u00e7\u00e3o, seguro de vida e plano de sa\u00fade completo\u201d, compartilha.<\/p>\n<p class=\"text-align-justify\">Assim como a piloto, outras mulheres seguem a mesma caminhada em busca da realiza\u00e7\u00e3o profissional e independ\u00eancia financeira. Esse sonho cruzou os mares e encantou a panamenha Jaasiel Ester Arena Mej\u00eda que saiu de seu pa\u00eds, na Am\u00e9rica Central, em 2020, para se matricular na Escola de Forma\u00e7\u00e3o de Oficiais da Marinha Mercante (EFOMM), no Rio de Janeiro (RJ).<\/p>\n<p class=\"text-align-justify\">A Institui\u00e7\u00e3o, al\u00e9m de ser voltada para jovens brasileiros, mant\u00e9m um programa de interc\u00e2mbio com esse e outros pa\u00edses como Peru, Equador e Rep\u00fablica Dominicana, e forma Oficiais de N\u00e1utica e de M\u00e1quinas para a qualifica\u00e7\u00e3o do trabalho em navios, plataformas e offshore.<\/p>\n<p class=\"text-align-justify\">Quando Ester, como gosta de ser chamada, descobriu a EFOMM por meio do Programa de Ensino Profissional Mar\u00edtimo para Estrangeiros, ela estudava ci\u00eancias e morava com a fam\u00edlia, mas, aos 19 anos, come\u00e7ou a estudar portugu\u00eas e decidiu viajar sozinha para encarar esse desafio no Brasil.<\/p>\n<p class=\"text-align-justify\">Hoje, aos 22 anos, ela recorda as muitas expectativas que carregava na bagagem, naquele momento: \u201cEstudei muito e enfrentei desafios que foram al\u00e9m de um novo endere\u00e7o, mas eu sempre quis atuar nessa \u00e1rea, porque o contato que temos com a realidade mar\u00edtima nos portos do meu pa\u00eds \u00e9 muito forte. Imaginei logo em ter uma qualifica\u00e7\u00e3o melhor no exterior e, por isso, quis potencializar a minha carreira aqui no Brasil\u201d.<\/p>\n<p class=\"text-align-justify\">Integrante da turma de 2022, ela \u00e9 uma das quatro estrangeiras de uma turma de 138 alunos, juntamente com alunos do Paraguai, S\u00e3o Tom\u00e9 e Pr\u00edncipe e Cabo Verde. Agora, no terceiro e \u00faltimo ano da especializa\u00e7\u00e3o em M\u00e1quinas, ela vive a ansiedade para iniciar a fase de praticagem no ano que vem e sabe que o futuro da sua carreira est\u00e1 muito pr\u00f3ximo.<\/p>\n<p class=\"text-align-justify\">\u201cAs pr\u00e1ticas da Marinha Mercante proporcionam uma vis\u00e3o ampla ao aluno. Durante o curso, aprendemos todas as fun\u00e7\u00f5es de bordo, desde a manuten\u00e7\u00e3o ao gerenciamento da pra\u00e7a de m\u00e1quinas. Acredito muito no potencial petrol\u00edfero do Brasil e espero me formar uma Oficial de M\u00e1quinas de excel\u00eancia\u201d.<\/p>\n<p class=\"text-align-justify\">Ester deve permanecer por aqui durante todo o per\u00edodo de praticagem que, a depender da empresa escolhida por ela, pode ter um regime de um m\u00eas de trabalho para um m\u00eas de descanso ou de seis para seis meses. Ela concedeu essa entrevista durante os estudos e fez quest\u00e3o de refor\u00e7ar a import\u00e2ncia das mulheres pioneiras neste segmento: \u201cAgrade\u00e7o \u00e0s mulheres que abriram esse caminho para que outras mulheres como eu possam trabalhar com o que amam e embarcar nos seus pr\u00f3prios sonhos\u201d.<\/p>\n<h5 class=\"text-align-justify\">Sonho compartilhado<\/h5>\n<p class=\"text-align-justify\">No mesmo oceano, em diferentes ondas. Apesar de ser da mesma turma da Ester, a mar\u00e9 que embala as realiza\u00e7\u00f5es de Paula Marinho Cunha Francisco, de 21 anos, \u00e9 outra: ela n\u00e3o v\u00ea a hora de se formar Oficial de N\u00e1utica.<\/p>\n<p class=\"text-align-justify\">Nascida em Vicente de Carvalho, bairro da Zona Oeste da capital fluminense, ela lembra que tudo come\u00e7ou quando ainda tinha 14 anos. Os pais sempre incentivaram o estudo para a \u00e1rea militar. \u201cEles pensavam no meu futuro e na minha estabilidade financeira. Com o passar do tempo, estudei para alguns concursos, mas me direcionei mesmo para a Marinha Mercante sem nem saber o que era a EFOMM ainda\u201d, lembra.<\/p>\n<p class=\"text-align-justify\">Outro refor\u00e7o vindo da fam\u00edlia \u00e9 a irm\u00e3 mais velha, Mariana Cunha, Aspirante do terceiro ano da Escola Naval da Marinha do Brasil. Por coincid\u00eancia, ambas estudaram e ingressaram em seus cursos no mesmo ano.<\/p>\n<p class=\"text-align-justify\">Na contagem regressiva para a formatura, que ser\u00e1 em dezembro, Paula Marinho reconhece a pr\u00f3pria evolu\u00e7\u00e3o. \u201cQuando entendi o que era trabalhar na Marinha Mercante, confirmei a minha vontade de seguir em frente. Al\u00e9m de a remunera\u00e7\u00e3o ser boa e existir oportunidade de um futuro promissor, eu j\u00e1 sei que quero ir para o ramo offshore e ficar 28 dias no mar e 28 em terra\u201d, refor\u00e7a a aluna de N\u00e1utica.<\/p>\n<p class=\"text-align-justify\">Proativa durante o curso, ela participa da Secretaria da Sociedade Acad\u00eamica da Marinha Mercante, do Gr\u00eamio de N\u00e1utica, da equipe de nata\u00e7\u00e3o da Escola e ainda escreve para o Jornal Pelicano, que divulga as a\u00e7\u00f5es da EFOMM para a sociedade.<\/p>\n<p class=\"text-align-justify\">Apesar de jovem, Paula Marinho j\u00e1 tem um olhar consistente sobre a sua presen\u00e7a e de outras mulheres em posi\u00e7\u00f5es importantes dentro de uma embarca\u00e7\u00e3o ou plataforma: \u201cTemos a oportunidade de explorar as habilidades em outros setores, apresentar a nossa lideran\u00e7a em novas \u00e1reas e contribuir com uma compet\u00eancia genu\u00edna para o universo mercante\u201d.<\/p>\n<p class=\"text-align-justify\">Para a futura Oficial de N\u00e1utica, apesar de ser desafiadora, a presen\u00e7a feminina cada vez maior na Marinha Mercante tem um brilho especial, por inspirar outras mulheres a seguirem esta carreira.<\/p>\n<h5 class=\"text-align-justify\">A forma\u00e7\u00e3o e o futuro<\/h5>\n<p class=\"text-align-justify\">Para al\u00e9m do olhar em dire\u00e7\u00e3o a esse horizonte de novidades est\u00e1 a Mar\u00edlia Fernanda Alves da Costa. Aos 40 anos e Chefe de M\u00e1quinas, ela acumula 19 anos de forma\u00e7\u00e3o e atua, sempre embarcada, no ramo da Ind\u00fastria de Petr\u00f3leo e G\u00e1s, pela empresa Equinor.<\/p>\n<p class=\"text-align-justify\">Ao contr\u00e1rio de quem ainda navega em busca de um sonho, Mar\u00edlia j\u00e1 alcan\u00e7ou o cargo m\u00e1ximo na sua profiss\u00e3o: \u201cLembro-me de ter feito uma passagem tranquila pela EFOMM, pois eu sempre soube o que queria. Hoje, sinto-me realizada e orgulhosa por ter alcan\u00e7ado essa fun\u00e7\u00e3o que eu desejei desde o in\u00edcio\u201d.<\/p>\n<p class=\"text-align-justify\">Como Chefe de M\u00e1quinas e em um regime de trabalho de 14&#215;14 dias, Mar\u00edlia Fernanda \u00e9 respons\u00e1vel por gerir a equipe da se\u00e7\u00e3o de m\u00e1quinas, al\u00e9m de planejar e coordenar as atividades espec\u00edficas do setor para garantir a opera\u00e7\u00e3o eficiente das m\u00e1quinas e instala\u00e7\u00f5es.<\/p>\n<p class=\"text-align-justify\">Assim, todo o plano de manuten\u00e7\u00e3o de maquin\u00e1rio passa pela supervis\u00e3o dela. Entre as miss\u00f5es, est\u00e3o elevar a prote\u00e7\u00e3o e a performance dos equipamentos e assegurar o cumprimento da regulamenta\u00e7\u00e3o das normas de seguran\u00e7a mar\u00edtima e ambientais.<\/p>\n<p class=\"text-align-justify\">Embora seja um cen\u00e1rio desafiador, ela comemora: \u201cAs mulheres t\u00eam se destacado cada vez mais, mostrando bastante conhecimento t\u00e9cnico, habilidade, colabora\u00e7\u00e3o, proatividade e empatia. A \u00e1rea mercante s\u00f3 tem a ganhar com a for\u00e7a de trabalho feminina\u201d, refor\u00e7a a Chefe de M\u00e1quinas.<\/p>\n<p class=\"text-align-justify\">Mesmo diante de tanta evolu\u00e7\u00e3o, Mar\u00edlia ainda percebe uma realidade de discrimina\u00e7\u00e3o com a presen\u00e7a da mulher em cargos como esse. Apesar disso, ela diz focar no que realmente importa. \u201cIndependentemente dos obst\u00e1culos, eu, sinceramente, s\u00f3 vejo benef\u00edcios e a minha mensagem para as mulheres que querem ser \u2018mercantes\u2019 \u00e9 que n\u00e3o desistam desse objetivo, o caminho \u00e9 \u00e1rduo, mas a carreira \u00e9 muito promissora\u201d, conclui Mar\u00edlia.<\/p>\n<p><a href=\"https:\/\/www.sincomam.org.br\/wp-content\/uploads\/2024\/08\/galeria5_mmb.jpg\"><img fetchpriority=\"high\" decoding=\"async\" class=\"alignleft size-medium wp-image-53628\" src=\"https:\/\/www.sincomam.org.br\/wp-content\/uploads\/2024\/08\/galeria5_mmb-300x179.jpg\" alt=\"\" width=\"300\" height=\"179\" srcset=\"https:\/\/www.sincomam.org.br\/wp-content\/uploads\/2024\/08\/galeria5_mmb-300x179.jpg 300w, https:\/\/www.sincomam.org.br\/wp-content\/uploads\/2024\/08\/galeria5_mmb-1024x613.jpg 1024w, https:\/\/www.sincomam.org.br\/wp-content\/uploads\/2024\/08\/galeria5_mmb-768x459.jpg 768w, https:\/\/www.sincomam.org.br\/wp-content\/uploads\/2024\/08\/galeria5_mmb.jpg 1170w\" sizes=\"(max-width: 300px) 100vw, 300px\" \/><\/a><\/p>\n<h5 class=\"text-align-justify\">Sobre o curso e a EFOMM<\/h5>\n<p class=\"text-align-justify\">A Escola de Forma\u00e7\u00e3o de Oficiais da Marinha Mercante \u00e9 refer\u00eancia na qualifica\u00e7\u00e3o e capacita\u00e7\u00e3o profissional de jovens, brasileiros e de outros pa\u00edses, para o exerc\u00edcio de atividades operacionais de embarca\u00e7\u00f5es mercantes, al\u00e9m de formar militares para a incorpora\u00e7\u00e3o \u00e0 Reserva da Marinha do Brasil, como Segundo-Tenente.<\/p>\n<p class=\"text-align-justify\">O ingresso \u00e9 por meio de concurso, em que o candidato precisa ter conclu\u00eddo o ensino m\u00e9dio e optar pelo local de realiza\u00e7\u00e3o do curso, caso seja classificado. As atividades s\u00e3o desenvolvidas nos Centros de Instru\u00e7\u00e3o Almirante Gra\u00e7a Aranha (CIAGA), no Rio de Janeiro (RJ), e Almirante Braz de Aguiar (CIABA), em Bel\u00e9m (PA).<\/p>\n<p class=\"text-align-justify\">Para as duas op\u00e7\u00f5es de curso, N\u00e1utica ou M\u00e1quinas, os alunos estudam por tr\u00eas anos em regime de internato. Ap\u00f3s a fase acad\u00eamica, os alunos embarcam no est\u00e1gio de praticagem por dois semestres.<\/p>\n<p class=\"text-align-justify\">Nesse contexto, a Comandante da 5\u00aa Companhia de Alunos da Escola de Forma\u00e7\u00e3o de Oficiais da Marinha Mercante, no CIAGA, e \u00fanica mulher no cargo, a Capit\u00e3o-Tenente (T) Marcela de Sousa Costa Tavares, celebra o aumento do p\u00fablico feminino entre as vagas.<\/p>\n<p class=\"text-align-justify\">\u201cAtualmente temos 23% do corpo de alunos formado por mulheres, n\u00famero que vem crescendo gradualmente nos \u00faltimos tr\u00eas anos. Em uma profiss\u00e3o predominantemente masculina, encontrar mulheres em cargos de chefia, por exemplo, torna a profiss\u00e3o atrativa tamb\u00e9m para elas\u201d.<\/p>\n<p class=\"text-align-justify\">\nFonte: Ag\u00eancia Marinha de Not\u00edcias<\/p>\n","protected":false},"excerpt":{"rendered":"<p>Em uma rede social, Monique Silveira divide o seu dia a dia de manobras e atua\u00e7\u00e3o pela Marinha Mercante com os seus quase 200 mil&#8230;<\/p>\n","protected":false},"author":1527,"featured_media":53627,"comment_status":"closed","ping_status":"closed","sticky":false,"template":"","format":"standard","meta":{"footnotes":""},"categories":[6],"tags":[],"class_list":["post-53624","post","type-post","status-publish","format-standard","has-post-thumbnail","hentry","category-noticias"],"_links":{"self":[{"href":"https:\/\/www.sincomam.org.br\/index.php\/wp-json\/wp\/v2\/posts\/53624","targetHints":{"allow":["GET"]}}],"collection":[{"href":"https:\/\/www.sincomam.org.br\/index.php\/wp-json\/wp\/v2\/posts"}],"about":[{"href":"https:\/\/www.sincomam.org.br\/index.php\/wp-json\/wp\/v2\/types\/post"}],"author":[{"embeddable":true,"href":"https:\/\/www.sincomam.org.br\/index.php\/wp-json\/wp\/v2\/users\/1527"}],"replies":[{"embeddable":true,"href":"https:\/\/www.sincomam.org.br\/index.php\/wp-json\/wp\/v2\/comments?post=53624"}],"version-history":[{"count":1,"href":"https:\/\/www.sincomam.org.br\/index.php\/wp-json\/wp\/v2\/posts\/53624\/revisions"}],"predecessor-version":[{"id":53629,"href":"https:\/\/www.sincomam.org.br\/index.php\/wp-json\/wp\/v2\/posts\/53624\/revisions\/53629"}],"wp:featuredmedia":[{"embeddable":true,"href":"https:\/\/www.sincomam.org.br\/index.php\/wp-json\/wp\/v2\/media\/53627"}],"wp:attachment":[{"href":"https:\/\/www.sincomam.org.br\/index.php\/wp-json\/wp\/v2\/media?parent=53624"}],"wp:term":[{"taxonomy":"category","embeddable":true,"href":"https:\/\/www.sincomam.org.br\/index.php\/wp-json\/wp\/v2\/categories?post=53624"},{"taxonomy":"post_tag","embeddable":true,"href":"https:\/\/www.sincomam.org.br\/index.php\/wp-json\/wp\/v2\/tags?post=53624"}],"curies":[{"name":"wp","href":"https:\/\/api.w.org\/{rel}","templated":true}]}}