{"id":53600,"date":"2024-08-27T07:28:35","date_gmt":"2024-08-27T10:28:35","guid":{"rendered":"http:\/\/www.sincomam.org.br\/?p=53600"},"modified":"2024-08-27T07:28:35","modified_gmt":"2024-08-27T10:28:35","slug":"brasil-faz-mudancas-no-processo-de-importacao","status":"publish","type":"post","link":"https:\/\/www.sincomam.org.br\/index.php\/brasil-faz-mudancas-no-processo-de-importacao\/","title":{"rendered":"Brasil faz mudan\u00e7as no processo de importa\u00e7\u00e3o"},"content":{"rendered":"<p>O Brasil far\u00e1 mudan\u00e7as na forma como importa produtos, com o in\u00edcio, em outubro, de grande migra\u00e7\u00e3o das opera\u00e7\u00f5es de importa\u00e7\u00e3o do Sistema Integrado de Com\u00e9rcio Exterior (Siscomex LI\/DI) para o\u00a0Portal \u00danico de Com\u00e9rcio Exterior. A mudan\u00e7a ocorrer\u00e1 em fases e abranger\u00e1 os m\u00f3dulos de Declara\u00e7\u00e3o \u00danica de Importa\u00e7\u00e3o (Duimp) e de Licen\u00e7as, Permiss\u00f5es, Certificados e Outros Documentos (LPCO).<\/p>\n<p>De acordo com material divulgado pelo Servi\u00e7o Federal de Processamento de Dados (Serpro), o sucesso disso depende de todo o ecossistema envolvido na importa\u00e7\u00e3o de mercadorias: terminais, agentes de carga, transportadores, atores do setor privado (importadores) e dos \u00f3rg\u00e3os e entidades p\u00fablicas como a Receita Federal, a Secretaria de Com\u00e9rcio Exterior, os \u00f3rg\u00e3os anuentes e as Secretarias de Fazenda dos estados.<\/p>\n<p>O Serpro est\u00e1 por tr\u00e1s de toda tecnologia que viabiliza a Duimp, que \u00e9 uma evolu\u00e7\u00e3o da Declara\u00e7\u00e3o de Importa\u00e7\u00e3o (DI). Em evento realizado na ter\u00e7a-feira (20), na cidade de S\u00e3o Paulo, a diretora de Neg\u00f3cios do Serpro, Ariadne Fonseca, disse que esta nova fase \u2013 da migra\u00e7\u00e3o do processo de importa\u00e7\u00e3o para o Portal \u00danico \u2013 \u00e9 um grande marco para a hist\u00f3ria do com\u00e9rcio exterior do Brasil.<\/p>\n<p>O coordenador operacional de Aduanas da Receita Federal, S\u00e9rgio Alencar, explicou que o Brasil est\u00e1 em um ponto de virada na importa\u00e7\u00e3o. \u201cO novo processo de importa\u00e7\u00e3o, que faz parte do Portal \u00danico de Com\u00e9rcio Exterior, agrega todos os \u00f3rg\u00e3os intervenientes e \u00f3rg\u00e3os anuentes para que trabalhem juntos e, assim, agilizem esse processo no Brasil\u201d, contou.<\/p>\n<h2 class=\"wp-block-heading\">Importa\u00e7\u00e3o: novidades<\/h2>\n<p>Uma das novidades desse novo processo de importa\u00e7\u00e3o \u00e9 o portal de produtos. A ferramenta vai possibilitar que as empresas informem previamente aos \u00f3rg\u00e3os anuentes e \u00e0 Receita Federal todas as caracter\u00edsticas do produto a ser importado. Ser\u00e1 criado um banco de dados com os produtos que s\u00e3o importados por aquela empresa, por exemplo e, a cada nova importa\u00e7\u00e3o aquela opera\u00e7\u00e3o entrar\u00e1 como refer\u00eancia.<\/p>\n<p>Fonte: ANBA<\/p>\n","protected":false},"excerpt":{"rendered":"<p>O Brasil far\u00e1 mudan\u00e7as na forma como importa produtos, com o in\u00edcio, em outubro, de grande migra\u00e7\u00e3o das opera\u00e7\u00f5es de importa\u00e7\u00e3o do Sistema Integrado de&#8230;<\/p>\n","protected":false},"author":1527,"featured_media":53602,"comment_status":"closed","ping_status":"closed","sticky":false,"template":"","format":"standard","meta":{"footnotes":""},"categories":[6],"tags":[],"class_list":["post-53600","post","type-post","status-publish","format-standard","has-post-thumbnail","hentry","category-noticias"],"_links":{"self":[{"href":"https:\/\/www.sincomam.org.br\/index.php\/wp-json\/wp\/v2\/posts\/53600","targetHints":{"allow":["GET"]}}],"collection":[{"href":"https:\/\/www.sincomam.org.br\/index.php\/wp-json\/wp\/v2\/posts"}],"about":[{"href":"https:\/\/www.sincomam.org.br\/index.php\/wp-json\/wp\/v2\/types\/post"}],"author":[{"embeddable":true,"href":"https:\/\/www.sincomam.org.br\/index.php\/wp-json\/wp\/v2\/users\/1527"}],"replies":[{"embeddable":true,"href":"https:\/\/www.sincomam.org.br\/index.php\/wp-json\/wp\/v2\/comments?post=53600"}],"version-history":[{"count":1,"href":"https:\/\/www.sincomam.org.br\/index.php\/wp-json\/wp\/v2\/posts\/53600\/revisions"}],"predecessor-version":[{"id":53603,"href":"https:\/\/www.sincomam.org.br\/index.php\/wp-json\/wp\/v2\/posts\/53600\/revisions\/53603"}],"wp:featuredmedia":[{"embeddable":true,"href":"https:\/\/www.sincomam.org.br\/index.php\/wp-json\/wp\/v2\/media\/53602"}],"wp:attachment":[{"href":"https:\/\/www.sincomam.org.br\/index.php\/wp-json\/wp\/v2\/media?parent=53600"}],"wp:term":[{"taxonomy":"category","embeddable":true,"href":"https:\/\/www.sincomam.org.br\/index.php\/wp-json\/wp\/v2\/categories?post=53600"},{"taxonomy":"post_tag","embeddable":true,"href":"https:\/\/www.sincomam.org.br\/index.php\/wp-json\/wp\/v2\/tags?post=53600"}],"curies":[{"name":"wp","href":"https:\/\/api.w.org\/{rel}","templated":true}]}}