{"id":53584,"date":"2024-08-26T11:04:42","date_gmt":"2024-08-26T14:04:42","guid":{"rendered":"http:\/\/www.sincomam.org.br\/?p=53584"},"modified":"2024-08-26T11:04:42","modified_gmt":"2024-08-26T14:04:42","slug":"cooperaportos-destacou-solucoes-socioambientais-para-aperfeicoar-praticas-do-setor-portuario","status":"publish","type":"post","link":"https:\/\/www.sincomam.org.br\/index.php\/cooperaportos-destacou-solucoes-socioambientais-para-aperfeicoar-praticas-do-setor-portuario\/","title":{"rendered":"CooperaPortos destacou solu\u00e7\u00f5es socioambientais para aperfei\u00e7oar pr\u00e1ticas do setor portu\u00e1rio"},"content":{"rendered":"<p dir=\"ltr\">Com o tema \u201cBoas Pr\u00e1ticas Socioambientais no Setor Portu\u00e1rio\u201d, o CooperaPortos deste ano debateu os principais desafios e solu\u00e7\u00f5es socioambientais para o setor portu\u00e1rio.<\/p>\n<p dir=\"ltr\">O evento, que chega \u00e0 sua 31\u00aa edi\u00e7\u00e3o, \u00e9 uma iniciativa da Ag\u00eancia Nacional de Transportes Aquavi\u00e1rios (ANTAQ) e, neste ano, aconteceu em parceria com a Portos do Paran\u00e1, nos dias 21 e 23 de agosto, em Paranagu\u00e1 (PR).<\/p>\n<p dir=\"ltr\">Esta foi a terceira vez que a Portos do Paran\u00e1 recebeu o CooperaPortos. A ideia \u00e9 que, todos os anos, o evento seja realizado em portos brasileiros diferentes, a fim de promover o interc\u00e2mbio de conhecimentos e discutir solu\u00e7\u00f5es para os desafios enfrentados pelo setor portu\u00e1rio no Brasil.<\/p>\n<p dir=\"ltr\"><strong>Agenda ambiental\u00a0\u00a0<\/strong><\/p>\n<p dir=\"ltr\">O diretor-geral da ANTAQ, Eduardo Nery, afirmou que \u201co evento \u00e9 um grande orgulho para a Ag\u00eancia\u201d e completou explicando que \u201cessa \u00e9 mais uma iniciativa ESG que a ANTAQ lidera nos \u00faltimos anos\u201d.<\/p>\n<p dir=\"ltr\">Al\u00e9m disso, ele relembrou as iniciativas da agenda ambiental da Ag\u00eancia, como a entrega do estudo \u201cDiagn\u00f3stico de Descarboniza\u00e7\u00e3o, Infraestrutura e Aplica\u00e7\u00f5es do Hidrog\u00eanio nos Portos\u201d, feito em parceria com a Deutsche Gesellschaft f\u00fcr Internationale Zusammenarbeit (GIZ).<\/p>\n<p dir=\"ltr\">O diretor-geral tamb\u00e9m mencionou o estudo que trata da rela\u00e7\u00e3o porto-cidade, que est\u00e1 em fase de elabora\u00e7\u00e3o com a GIZ; o invent\u00e1rio de emiss\u00f5es de carbono do setor aquavi\u00e1rio, que deve ser entregue em breve; e a evolu\u00e7\u00e3o do \u00cdndice de Desempenho Ambiental (IDA), um projeto que hoje \u00e9 utilizado pelo Governo Federal, mas que foi constru\u00eddo no \u00e2mbito da ANTAQ.<\/p>\n<p dir=\"ltr\"><strong>Participa\u00e7\u00e3o feminina\u00a0\u00a0<\/strong><\/p>\n<p dir=\"ltr\">Na edi\u00e7\u00e3o, a superintendente de Desenvolvimento, Sustentabilidade e Inova\u00e7\u00e3o da ANTAQ, Cristina Castro, destacou a significativa participa\u00e7\u00e3o feminina no painel de abertura do evento.<\/p>\n<p dir=\"ltr\">\u201cA presen\u00e7a de mulheres na mesa de abertura mostra que estamos mudando a realidade do setor portu\u00e1rio, promovendo inclus\u00e3o, acessibilidade e diversidade, o que impulsiona a inova\u00e7\u00e3o\u201d, disse a superintendente.<\/p>\n<p dir=\"ltr\"><strong>Boas pr\u00e1ticas\u00a0\u00a0<\/strong><\/p>\n<p dir=\"ltr\">Entre os assuntos debatidos ao longo do CooperaPortos est\u00e3o a sustentabilidade aquavi\u00e1ria, o avan\u00e7o do \u00cdndice de Desempenho Ambiental (IDA), entre outros t\u00f3picos de extrema relev\u00e2ncia para o setor.<\/p>\n<p dir=\"ltr\">No painel \u201cEvolu\u00e7\u00e3o do \u00cdndice de Desempenho Ambiental (IDA) e do \u00cdndice de Gest\u00e3o das Autoridades Portu\u00e1rias (IGAP), e a sustentabilidade no setor portu\u00e1rio\u201d, o gerente de Meio Ambiente da ANTAQ, Uir\u00e1 Cavalcanti, detalhou as revis\u00f5es que a Ag\u00eancia est\u00e1 fazendo a fim de aperfei\u00e7oar cada vez mais os indicadores do IDA.<\/p>\n<p dir=\"ltr\">O CooperaPortos \u00e9 uma iniciativa priorit\u00e1ria da agenda ambiental da Ag\u00eancia e objetiva promover o di\u00e1logo entre os diversos atores da gest\u00e3o portu\u00e1ria, possibilitando o debate e a busca de solu\u00e7\u00f5es para a atua\u00e7\u00e3o dos portos frente aos desafios de sua opera\u00e7\u00e3o, bem como a troca de experi\u00eancias e a difus\u00e3o de boas pr\u00e1ticas, al\u00e9m do di\u00e1logo interinstitucional.<\/p>\n<p dir=\"ltr\">O evento contou com a presen\u00e7a de representantes dos setores p\u00fablico e privado e ocorreu de forma h\u00edbrida.<\/p>\n<p dir=\"ltr\">Fonte: Antaq<\/p>\n","protected":false},"excerpt":{"rendered":"<p>Com o tema \u201cBoas Pr\u00e1ticas Socioambientais no Setor Portu\u00e1rio\u201d, o CooperaPortos deste ano debateu os principais desafios e solu\u00e7\u00f5es socioambientais para o setor portu\u00e1rio. O&#8230;<\/p>\n","protected":false},"author":1527,"featured_media":53586,"comment_status":"closed","ping_status":"closed","sticky":false,"template":"","format":"standard","meta":{"footnotes":""},"categories":[6],"tags":[],"class_list":["post-53584","post","type-post","status-publish","format-standard","has-post-thumbnail","hentry","category-noticias"],"_links":{"self":[{"href":"https:\/\/www.sincomam.org.br\/index.php\/wp-json\/wp\/v2\/posts\/53584","targetHints":{"allow":["GET"]}}],"collection":[{"href":"https:\/\/www.sincomam.org.br\/index.php\/wp-json\/wp\/v2\/posts"}],"about":[{"href":"https:\/\/www.sincomam.org.br\/index.php\/wp-json\/wp\/v2\/types\/post"}],"author":[{"embeddable":true,"href":"https:\/\/www.sincomam.org.br\/index.php\/wp-json\/wp\/v2\/users\/1527"}],"replies":[{"embeddable":true,"href":"https:\/\/www.sincomam.org.br\/index.php\/wp-json\/wp\/v2\/comments?post=53584"}],"version-history":[{"count":1,"href":"https:\/\/www.sincomam.org.br\/index.php\/wp-json\/wp\/v2\/posts\/53584\/revisions"}],"predecessor-version":[{"id":53587,"href":"https:\/\/www.sincomam.org.br\/index.php\/wp-json\/wp\/v2\/posts\/53584\/revisions\/53587"}],"wp:featuredmedia":[{"embeddable":true,"href":"https:\/\/www.sincomam.org.br\/index.php\/wp-json\/wp\/v2\/media\/53586"}],"wp:attachment":[{"href":"https:\/\/www.sincomam.org.br\/index.php\/wp-json\/wp\/v2\/media?parent=53584"}],"wp:term":[{"taxonomy":"category","embeddable":true,"href":"https:\/\/www.sincomam.org.br\/index.php\/wp-json\/wp\/v2\/categories?post=53584"},{"taxonomy":"post_tag","embeddable":true,"href":"https:\/\/www.sincomam.org.br\/index.php\/wp-json\/wp\/v2\/tags?post=53584"}],"curies":[{"name":"wp","href":"https:\/\/api.w.org\/{rel}","templated":true}]}}