{"id":53580,"date":"2024-08-26T11:01:44","date_gmt":"2024-08-26T14:01:44","guid":{"rendered":"http:\/\/www.sincomam.org.br\/?p=53580"},"modified":"2024-08-26T11:01:44","modified_gmt":"2024-08-26T14:01:44","slug":"busca-por-agua-menores-niveis-da-historia-e-meses-sem-chuva-a-seca-extrema-do-rio-madeira-na-amazonia","status":"publish","type":"post","link":"https:\/\/www.sincomam.org.br\/index.php\/busca-por-agua-menores-niveis-da-historia-e-meses-sem-chuva-a-seca-extrema-do-rio-madeira-na-amazonia\/","title":{"rendered":"Busca por \u00e1gua, menores n\u00edveis da hist\u00f3ria e meses sem chuva: a seca extrema do Rio Madeira na Amaz\u00f4nia"},"content":{"rendered":"<p>Em meio \u00e0 seca extrema que atinge o estado de Rond\u00f4nia, ribeirinhos enfrentam longas jornadas para encontrar um recurso essencial: a \u00e1gua.\u00a0A cidade de\u00a0Porto Velho, por exemplo,\u00a0est\u00e1 h\u00e1 tr\u00eas meses sem chuvas significativas,\u00a0segundo dados do Instituto Nacional de Meteorologia (Inmet), e o\u00a0Rio Madeira teve os piores julho e agosto em quase 60 anos.<\/p>\n<p>Esses s\u00e3o relatos de moradores das comunidades ribeirinhas de Porto Velho.\u00a0Segundo a Defesa Civil Municipal, eles s\u00e3o os mais afetados pela seca. Sem \u00e1gua encanada, ribeirinhos dependem de po\u00e7os amaz\u00f4nicos, que secaram com a chegada da estiagem.<\/p>\n<div id=\"chunk-jptv\">\n<div class=\"mc-column content-text active-extra-styles \" data-block-type=\"unstyled\" data-block-weight=\"37\" data-block-id=\"13\">\n<p class=\" content-text__container \" data-track-category=\"Link no Texto\" data-track-links=\"\" data-mrf-recirculation=\"Article links\">Moradores da Comunidade Brasileira, situada no Baixo Madeira, enfrentam as consequ\u00eancias da crise h\u00eddrica.\u00a0<span class=\"highlight highlighted\">Fam\u00edlias est\u00e3o sem acesso a fontes de \u00e1gua limpa<\/span>, depois que o \u00fanico po\u00e7o amaz\u00f4nico da regi\u00e3o (com 8 metros de profundidade) secou.<\/p>\n<\/div>\n<\/div>\n<div id=\"chunk-fuih7\">\n<div class=\"mc-column content-text active-extra-styles \" data-block-type=\"unstyled\" data-block-weight=\"16\" data-block-id=\"14\">\n<p class=\" content-text__container \" data-track-category=\"Link no Texto\" data-track-links=\"\" data-mrf-recirculation=\"Article links\">As comunidades ribeirinhas em Porto Velho s\u00e3o divididas em tr\u00eas regi\u00f5es:\u00a0Alto, M\u00e9dio e Baixo Madeira.<\/p>\n<\/div>\n<\/div>\n<div id=\"chunk-1c6sc\">\n<div class=\"mc-column content-text active-extra-styles \" data-block-type=\"unstyled\" data-block-weight=\"54\" data-block-id=\"15\">\n<p class=\" content-text__container \" data-track-category=\"Link no Texto\" data-track-links=\"\" data-mrf-recirculation=\"Article links\">Em Mutum, que fica a 50 km da zona urbana de Porto Velho, a popula\u00e7\u00e3o precisa\u00a0percorrer mais de 1 hora de barco para encontrar e ter acesso \u00e0 \u00e1gua pot\u00e1vel. Com a seca extrema do Rio Madeira, o trajeto, feito por muitos moradores tr\u00eas vezes na semana,\u00a0pode se tornar ainda mais desafiador.<\/p>\n<\/div>\n<\/div>\n<div id=\"chunk-cuvfl\">\n<div class=\"mc-column content-text active-extra-styles \" data-block-type=\"unstyled\" data-block-weight=\"32\" data-block-id=\"16\">\n<p class=\" content-text__container \" data-track-category=\"Link no Texto\" data-track-links=\"\" data-mrf-recirculation=\"Article links\">Por conta da estiagem, o Igarap\u00e9 Maravilha, que banha a comunidade de mesmo nome, secou completamente em menos de um m\u00eas. As poucas dezenas de peixes que restavam morreram sem oxig\u00eanio.<\/p>\n<\/div>\n<\/div>\n<div id=\"chunk-65o21\">\n<div class=\"content-ads content-ads--reveal\" data-block-type=\"ads\" data-block-id=\"17\">&#8220;Secou pra gente que \u00e9 humano e pros peixes e pros bichos. P\u00e1ssaro, capivara, macaco, tudo vai beber \u00e1gua no igarap\u00e9 e a\u00ed como est\u00e1 seco eles est\u00e3o sofrendo do mesmo jeito que a gente est\u00e1 sofrendo&#8221;, relata Concei\u00e7\u00e3o.<\/div>\n<\/div>\n<div id=\"chunk-c3282\">\n<div class=\"content-media-container glb-skeleton-box\">\n<div id=\"chunk-bq2od\">\n<div class=\"mc-column content-text active-extra-styles\" data-block-type=\"raw\" data-block-weight=\"7\" data-block-id=\"20\">\n<div class=\"content-intertitle\">\n<h2>Falta de \u00e1gua \u00e0s margens do rio<\/h2>\n<\/div>\n<p><span class=\"highlight highlighted\">Busca por \u00e1gua, logos trajetos, bancos de areia e po\u00e7os artesianos secando: <\/span>os impactos da estiagem severa dificultam a vida dos ribeirinhos da capital. Na Comunidade Brasileira, moradores ficaram sem nenhuma fonte de \u00e1gua tratada ap\u00f3s o po\u00e7o artesiano que abastecia a regi\u00e3o secar totalmente.<\/p>\n<\/div>\n<\/div>\n<div id=\"chunk-2rcoc\">\n<div class=\"mc-column content-text active-extra-styles \" data-block-type=\"unstyled\" data-block-weight=\"54\" data-block-id=\"22\">\n<p class=\" content-text__container \" data-track-category=\"Link no Texto\" data-track-links=\"\" data-mrf-recirculation=\"Article links\">A op\u00e7\u00e3o para os moradores \u00e9 utilizar a \u00e1gua do Rio Madeira:\u00a0suja. Desde o in\u00edcio do per\u00edodo de estiagem, a Defesa Civil municipal atua nas comunidades ribeirinhas entregando \u00e1gua mineral e kits de hipoclorito de s\u00f3dio,\u00a0uma subst\u00e2ncia que realizar\u00e1 a limpeza e desinfec\u00e7\u00e3o da \u00e1gua que agora est\u00e1 sendo consumida pela popula\u00e7\u00e3o.<\/p>\n<\/div>\n<\/div>\n<div id=\"chunk-dhh9t\">\n<div class=\"content-ads content-ads--reveal\" data-block-type=\"ads\" data-block-id=\"23\">\n<div id=\"chunk-c5bf6\">\n<div class=\"mc-column content-text active-extra-styles \" data-block-type=\"unstyled\" data-block-weight=\"41\" data-block-id=\"25\">\n<p class=\" content-text__container \" data-track-category=\"Link no Texto\" data-track-links=\"\" data-mrf-recirculation=\"Article links\">Em Terra Firme, tamb\u00e9m no baixo Madeira, os moradores, que antes j\u00e1 precisavam descer uma longa escada para chegar ao rio, agora enfrentam uma caminhada de quase 30 minutos devido ao surgimento de bancos de areia ap\u00f3s a seca do Madeira.<\/p>\n<\/div>\n<\/div>\n<div id=\"chunk-k545\">\n<div class=\"mc-column content-text active-extra-styles \" data-block-type=\"unstyled\" data-block-weight=\"50\" data-block-id=\"26\">\n<p class=\" content-text__container \" data-track-category=\"Link no Texto\" data-track-links=\"\" data-mrf-recirculation=\"Article links\">Na regi\u00e3o n\u00e3o existem po\u00e7os artesianos ou qualquer outro tipo de \u00e1gua tratada, a popula\u00e7\u00e3o depende de bombas de drenagem para coletar \u00e1gua do rio. Por\u00e9m, a margem secou e ficou t\u00e3o distante, que se torna dif\u00edcil as mangueiras de drenagem chegarem at\u00e9 os locais onde ainda tem \u00e1gua.<\/p>\n<div id=\"chunk-a1a87\">\n<div class=\"mc-column content-text active-extra-styles\" data-block-type=\"raw\" data-block-weight=\"6\" data-block-id=\"34\">\n<div class=\"content-intertitle\">\n<h2>Redu\u00e7\u00e3o de n\u00edvel e m\u00ednima hist\u00f3rica<\/h2>\n<\/div>\n<p>Desde julho, o Rio Madeira vem alcan\u00e7ando os menores n\u00edveis desde 1967, quando o rio come\u00e7ou a ser monitorado pelo Servi\u00e7o Geol\u00f3gico do Brasil (SGB). Julho e agosto de 2024 foram os piores meses em quase 60 anos.<\/p>\n<\/div>\n<\/div>\n<div id=\"chunk-2fm7i\">\n<div class=\"mc-column content-text active-extra-styles \" data-block-type=\"unstyled\" data-block-weight=\"55\" data-block-id=\"36\">\n<p class=\" content-text__container \" data-track-category=\"Link no Texto\" data-track-links=\"\" data-mrf-recirculation=\"Article links\">Na sexta-feira (23), o Madeira atingiu a cota m\u00e9dia de 1,80 metro em Porto Velho: a menor m\u00e9dia do ano at\u00e9 o momento e de agosto em toda a s\u00e9rie hist\u00f3rica. Em julho, a situa\u00e7\u00e3o foi a mesma: o rio bateu uma sequ\u00eancia de recordes de seca para o per\u00edodo, com n\u00edveis m\u00ednimos hist\u00f3ricos.<\/p>\n<\/div>\n<\/div>\n<\/div>\n<\/div>\n<\/div>\n<\/div>\n<div id=\"chunk-c6ash\">\n<div class=\"row medium-uncollapsed content-media content-photo\" data-block-type=\"backstage-photo\" data-block-id=\"24\">\n<div class=\" mc-column  content-media__container\">\n<div class=\"content-media-container glb-skeleton-box\">\n<div id=\"chunk-7l6hd\">\n<div class=\"mc-column content-text active-extra-styles\" data-block-type=\"raw\" data-block-weight=\"3\" data-block-id=\"44\">\n<div class=\"content-intertitle\">\n<h2>Outros rios afetados<\/h2>\n<\/div>\n<p>O Rrio Madeira n\u00e3o \u00e9 o \u00fanico afetado. Conforme a Defesa Civil, sete rios apresentam n\u00edveis considerados abaixo da cota m\u00e9dia e pr\u00f3ximos da m\u00ednima hist\u00f3rica para a \u00e9poca do ano, conhecida como o ver\u00e3o amaz\u00f4nico:<\/p>\n<\/div>\n<\/div>\n<div id=\"chunk-83ake\">\n<div class=\"mc-column content-text active-extra-styles\" data-block-type=\"raw\" data-block-weight=\"7\" data-block-id=\"46\">\n<ul class=\"content-unordered-list\" data-mrf-recirculation=\"Recomendado\">\n<li>Candeias<\/li>\n<li>Guapor\u00e9<\/li>\n<li>Jamari<\/li>\n<li>Mamor\u00e9<\/li>\n<li>Machado<\/li>\n<li>Madeira<\/li>\n<li>Pirarara<\/li>\n<\/ul>\n<p>O Rio Jaru, que banha a cidade de mesmo nome, secou a ponto de ser poss\u00edvel atravessar a p\u00e9 em determinados trechos.<\/p>\n<\/div>\n<\/div>\n<div id=\"chunk-cb7io\">\n<div class=\"mc-column content-text active-extra-styles \" data-block-type=\"unstyled\" data-block-weight=\"43\" data-block-id=\"48\">\n<p class=\" content-text__container \" data-track-category=\"Link no Texto\" data-track-links=\"\" data-mrf-recirculation=\"Article links\">Imagens mostram que em alguns trechos do rio \u00e9 poss\u00edvel enxergar a areia do fundo e as pedras. No entanto, a Defesa Civil explica que em outros pontos o volume de \u00e1gua \u00e9 maior. Essa oscila\u00e7\u00e3o ocorre em raz\u00e3o da tipografia do rio.<\/p>\n<p data-track-category=\"Link no Texto\" data-track-links=\"\" data-mrf-recirculation=\"Article links\">Fonte: G1<\/p>\n<\/div>\n<\/div>\n<\/div>\n<\/div>\n<\/div>\n<\/div>\n<\/div>\n<\/div>\n","protected":false},"excerpt":{"rendered":"<p>Em meio \u00e0 seca extrema que atinge o estado de Rond\u00f4nia, ribeirinhos enfrentam longas jornadas para encontrar um recurso essencial: a \u00e1gua.\u00a0A cidade de\u00a0Porto Velho,&#8230;<\/p>\n","protected":false},"author":1527,"featured_media":53582,"comment_status":"closed","ping_status":"closed","sticky":false,"template":"","format":"standard","meta":{"footnotes":""},"categories":[6],"tags":[],"class_list":["post-53580","post","type-post","status-publish","format-standard","has-post-thumbnail","hentry","category-noticias"],"_links":{"self":[{"href":"https:\/\/www.sincomam.org.br\/index.php\/wp-json\/wp\/v2\/posts\/53580","targetHints":{"allow":["GET"]}}],"collection":[{"href":"https:\/\/www.sincomam.org.br\/index.php\/wp-json\/wp\/v2\/posts"}],"about":[{"href":"https:\/\/www.sincomam.org.br\/index.php\/wp-json\/wp\/v2\/types\/post"}],"author":[{"embeddable":true,"href":"https:\/\/www.sincomam.org.br\/index.php\/wp-json\/wp\/v2\/users\/1527"}],"replies":[{"embeddable":true,"href":"https:\/\/www.sincomam.org.br\/index.php\/wp-json\/wp\/v2\/comments?post=53580"}],"version-history":[{"count":1,"href":"https:\/\/www.sincomam.org.br\/index.php\/wp-json\/wp\/v2\/posts\/53580\/revisions"}],"predecessor-version":[{"id":53583,"href":"https:\/\/www.sincomam.org.br\/index.php\/wp-json\/wp\/v2\/posts\/53580\/revisions\/53583"}],"wp:featuredmedia":[{"embeddable":true,"href":"https:\/\/www.sincomam.org.br\/index.php\/wp-json\/wp\/v2\/media\/53582"}],"wp:attachment":[{"href":"https:\/\/www.sincomam.org.br\/index.php\/wp-json\/wp\/v2\/media?parent=53580"}],"wp:term":[{"taxonomy":"category","embeddable":true,"href":"https:\/\/www.sincomam.org.br\/index.php\/wp-json\/wp\/v2\/categories?post=53580"},{"taxonomy":"post_tag","embeddable":true,"href":"https:\/\/www.sincomam.org.br\/index.php\/wp-json\/wp\/v2\/tags?post=53580"}],"curies":[{"name":"wp","href":"https:\/\/api.w.org\/{rel}","templated":true}]}}