{"id":5358,"date":"2014-05-08T08:34:16","date_gmt":"2014-05-08T11:34:16","guid":{"rendered":"http:\/\/www.sincomam.org.br\/?p=5358"},"modified":"2014-05-07T23:45:46","modified_gmt":"2014-05-08T02:45:46","slug":"justica-do-rio-decreta-bloqueio-de-bens-de-eike","status":"publish","type":"post","link":"https:\/\/www.sincomam.org.br\/index.php\/justica-do-rio-decreta-bloqueio-de-bens-de-eike\/","title":{"rendered":"Justi\u00e7a do Rio decreta bloqueio de bens de Eike"},"content":{"rendered":"<p><strong><em>Banco bloqueou o valor dispon\u00edvel, de R$ 4 milh\u00f5es<\/em><\/strong><\/p>\n<p>Um telefonema de um banco onde \u00e9 correntista avisou Eike Batista ontem de uma decis\u00e3o da 3\u00aa Vara Criminal da Justi\u00e7a Federal do Rio de Janeiro de sequestro de bens do empres\u00e1rio no valor de at\u00e9 R$ 122 milh\u00f5es, informaram fontes pr\u00f3ximas a processos judiciais ligados ao grupo EBX. O banco bloqueou o valor dispon\u00edvel, de R$ 4 milh\u00f5es. A decis\u00e3o judicial foi noticiada ontem pela coluna \u201cRadar on-line\u201d, de Lauro Jardim, de \u201cVeja\u201d. Segundo a nota, a decis\u00e3o teria sido tomada a pedido do Minist\u00e9rio P\u00fablico Federal do Rio.<\/p>\n<p>Em nota, a assessoria do grupo EBX confirmou, ontem, que \u201cele, at\u00e9 o momento, s\u00f3 teve not\u00edcia informal de uma decis\u00e3o da 3\u00aa Vara Federal, n\u00e3o havendo recebido qualquer comunicado judicial a esse respeito. Depois de tomar conhecimento do processo em que foi proferida a decis\u00e3o, Eike Batista tomar\u00e1 as provid\u00eancias cab\u00edveis\u201d. Procurada pelo Globo, a Justi\u00e7a Federal n\u00e3o se pronunciou sobre a decis\u00e3o, argumentando que o processo corre em sigilo. O Minist\u00e9rio P\u00fablico Federal tamb\u00e9m n\u00e3o comentou a decis\u00e3o.<\/p>\n<p>O criminalista Ary Bergher, segundo a nota de \u201cVeja\u201d, afirmou que vai recorrer. O advogado foi o respons\u00e1vel pela defesa de Thor Batista, filho mais velho de Eike, pelo atropelamento e morte do ciclista Wanderson dos Santos, em mar\u00e7o de 2012.<\/p>\n<p>O patrim\u00f4nio de Eike Batista evaporou em dois anos. Em 2012, ele figurava como o maior bilion\u00e1rio do pa\u00eds, com patrim\u00f4nio avaliado em R$ 30,26 bilh\u00f5es, segundo ranking da \u201cForbes Brasil&#8221;. Com o agravamento da crise, ele deixou de fazer parte das listas de maiores bilion\u00e1rios do planeta.<\/p>\n<p><strong>Assembleia no dia 2 de junho<\/strong><\/p>\n<p>No \u00faltimo dia 4, reportagem da \u201cFolha de S. Paulo\u201d informou que o empres\u00e1rio doou suas casas do Rio e de Angra dos Reis aos filhos Thor e Olin, do casamento com Luma de Oliveira, em 2013. Juntas, teriam sido declaradas pelo valor de R$ 18,7 milh\u00f5es, enquanto s\u00e3o avaliadas no mercado em mais de R$ 50 milh\u00f5es.<\/p>\n<p>M\u00eas passado, a Pol\u00edcia Federal instaurou inqu\u00e9rito para investigar o empres\u00e1rio por crimes financeiros, a pedido do Minist\u00e9rio P\u00fablico Federal do Rio. Apesar disso, Batista foi reconduzido ao cargo de presidente do conselho de administra\u00e7\u00e3o da \u00d3leo e G\u00e1s Parcitipa\u00e7\u00f5es (OGPar), ex-OGX, no in\u00edcio deste m\u00eas. Em processo de recupera\u00e7\u00e3o judicial, a petroleira encerrou 2013 com resultado negativo de R$ 17,5 bilh\u00f5es.<\/p>\n<p>O edital de convoca\u00e7\u00e3o para a assembleia de credores da petroleira deve ser publicado hoje. A reuni\u00e3o deve ocorrer no pr\u00f3ximo dia 2 de junho, quando os credores devem votar o plano de recupera\u00e7\u00e3o da empresa.<\/p>\n<p>Fonte: O Globo\/Economia<\/p>\n","protected":false},"excerpt":{"rendered":"<p>Banco bloqueou o valor dispon\u00edvel, de R$ 4 milh\u00f5es Um telefonema de um banco onde \u00e9 correntista avisou Eike Batista ontem de uma decis\u00e3o da&#8230;<\/p>\n","protected":false},"author":1182,"featured_media":5359,"comment_status":"closed","ping_status":"closed","sticky":false,"template":"","format":"standard","meta":{"footnotes":""},"categories":[6],"tags":[1130,1129,500,145,1131,59],"class_list":["post-5358","post","type-post","status-publish","format-standard","has-post-thumbnail","hentry","category-noticias","tag-bens","tag-bloqueio","tag-eike-batista","tag-justica","tag-material","tag-rio-de-janeiro"],"_links":{"self":[{"href":"https:\/\/www.sincomam.org.br\/index.php\/wp-json\/wp\/v2\/posts\/5358","targetHints":{"allow":["GET"]}}],"collection":[{"href":"https:\/\/www.sincomam.org.br\/index.php\/wp-json\/wp\/v2\/posts"}],"about":[{"href":"https:\/\/www.sincomam.org.br\/index.php\/wp-json\/wp\/v2\/types\/post"}],"author":[{"embeddable":true,"href":"https:\/\/www.sincomam.org.br\/index.php\/wp-json\/wp\/v2\/users\/1182"}],"replies":[{"embeddable":true,"href":"https:\/\/www.sincomam.org.br\/index.php\/wp-json\/wp\/v2\/comments?post=5358"}],"version-history":[{"count":1,"href":"https:\/\/www.sincomam.org.br\/index.php\/wp-json\/wp\/v2\/posts\/5358\/revisions"}],"predecessor-version":[{"id":5360,"href":"https:\/\/www.sincomam.org.br\/index.php\/wp-json\/wp\/v2\/posts\/5358\/revisions\/5360"}],"wp:featuredmedia":[{"embeddable":true,"href":"https:\/\/www.sincomam.org.br\/index.php\/wp-json\/wp\/v2\/media\/5359"}],"wp:attachment":[{"href":"https:\/\/www.sincomam.org.br\/index.php\/wp-json\/wp\/v2\/media?parent=5358"}],"wp:term":[{"taxonomy":"category","embeddable":true,"href":"https:\/\/www.sincomam.org.br\/index.php\/wp-json\/wp\/v2\/categories?post=5358"},{"taxonomy":"post_tag","embeddable":true,"href":"https:\/\/www.sincomam.org.br\/index.php\/wp-json\/wp\/v2\/tags?post=5358"}],"curies":[{"name":"wp","href":"https:\/\/api.w.org\/{rel}","templated":true}]}}