{"id":53576,"date":"2024-08-26T07:51:54","date_gmt":"2024-08-26T10:51:54","guid":{"rendered":"http:\/\/www.sincomam.org.br\/?p=53576"},"modified":"2024-08-26T07:51:54","modified_gmt":"2024-08-26T10:51:54","slug":"navio-museu-bauru-comemora-80-anos-de-historia-no-espaco-cultural-da-marinha","status":"publish","type":"post","link":"https:\/\/www.sincomam.org.br\/index.php\/navio-museu-bauru-comemora-80-anos-de-historia-no-espaco-cultural-da-marinha\/","title":{"rendered":"Navio-Museu \u201cBauru\u201d comemora 80 anos de hist\u00f3ria no Espa\u00e7o Cultural da Marinha"},"content":{"rendered":"<p>Em uma celebra\u00e7\u00e3o marcada pela rever\u00eancia \u00e0 hist\u00f3ria naval, a Diretoria do Patrim\u00f4nio Hist\u00f3rico e Documenta\u00e7\u00e3o da Marinha (DPHDM) comemorou, no dia 15 de agosto, os 80 anos do Navio-Museu \u201cBauru\u201d. A cerim\u00f4nia, realizada no Espa\u00e7o Cultural da Marinha (ECM), contou com a presen\u00e7a do Comandante da Marinha, Almirante de Esquadra Marcos Sampaio Olsen, e destacou a trajet\u00f3ria do navio, que desempenhou um papel crucial durante a Segunda Guerra Mundial.<\/p>\n<p><strong>Hist\u00f3ria e Import\u00e2ncia do Navio-Museu \u201cBauru\u201d<\/strong><\/p>\n<p>O Navio-Museu \u201cBauru\u201d tem suas origens na Marinha dos Estados Unidos, onde serviu como o destr\u00f3ier de escolta \u201cUSS McAnn\u201d. Durante a Segunda Guerra Mundial, a embarca\u00e7\u00e3o foi transferida para o\u00a0Brasil\u00a0como parte do esfor\u00e7o aliado, sendo incorporada \u00e0 For\u00e7a Naval do Nordeste. Seu papel foi fundamental na escolta de comboios e no apoio ao servi\u00e7o a\u00e9reo de evacua\u00e7\u00e3o das tropas aliadas, garantindo a seguran\u00e7a das rotas mar\u00edtimas em um per\u00edodo cr\u00edtico para a hist\u00f3ria mundial.<\/p>\n<p>Sob a bandeira brasileira, o \u201cBauru\u201d desempenhou miss\u00f5es vitais durante a guerra, navegando mais de 295 mil milhas n\u00e1uticas e contribuindo para a defesa do Atl\u00e2ntico Sul. O navio foi crucial nas opera\u00e7\u00f5es de escolta, protegendo embarca\u00e7\u00f5es mercantes e militares de ataques submarinos inimigos. Com um total de 1.423 dias de mar ao longo de seus 38 anos de servi\u00e7o ativo, o \u201cBauru\u201d deixou uma marca indel\u00e9vel na hist\u00f3ria da\u00a0Marinha do Brasil.<\/p>\n<p><strong>Transforma\u00e7\u00e3o em Navio-Museu e sua Import\u00e2ncia Cultural no ECM<\/strong><\/p>\n<p>Ap\u00f3s d\u00e9cadas de servi\u00e7o, o \u201cBauru\u201d foi transformado em Navio-Museu, sendo inaugurado nessa fun\u00e7\u00e3o em 7 de julho de 1982. Desde ent\u00e3o, o navio tem servido como uma pe\u00e7a central do acervo do Espa\u00e7o Cultural da Marinha, no Rio de Janeiro, atraindo visitantes interessados em conhecer de perto a hist\u00f3ria naval brasileira. O \u201cBauru\u201d n\u00e3o s\u00f3 preserva a mem\u00f3ria de sua participa\u00e7\u00e3o na guerra, mas tamb\u00e9m educa e inspira novas gera\u00e7\u00f5es sobre a import\u00e2ncia da Marinha na defesa do pa\u00eds.<\/p>\n<div class=\"td-g-rec td-g-rec-id-content_bottom tdi_4 td_block_template_11\">Fonte; Defesa em Foco<\/div>\n","protected":false},"excerpt":{"rendered":"<p>Em uma celebra\u00e7\u00e3o marcada pela rever\u00eancia \u00e0 hist\u00f3ria naval, a Diretoria do Patrim\u00f4nio Hist\u00f3rico e Documenta\u00e7\u00e3o da Marinha (DPHDM) comemorou, no dia 15 de agosto,&#8230;<\/p>\n","protected":false},"author":1527,"featured_media":53578,"comment_status":"closed","ping_status":"closed","sticky":false,"template":"","format":"standard","meta":{"footnotes":""},"categories":[6],"tags":[],"class_list":["post-53576","post","type-post","status-publish","format-standard","has-post-thumbnail","hentry","category-noticias"],"_links":{"self":[{"href":"https:\/\/www.sincomam.org.br\/index.php\/wp-json\/wp\/v2\/posts\/53576","targetHints":{"allow":["GET"]}}],"collection":[{"href":"https:\/\/www.sincomam.org.br\/index.php\/wp-json\/wp\/v2\/posts"}],"about":[{"href":"https:\/\/www.sincomam.org.br\/index.php\/wp-json\/wp\/v2\/types\/post"}],"author":[{"embeddable":true,"href":"https:\/\/www.sincomam.org.br\/index.php\/wp-json\/wp\/v2\/users\/1527"}],"replies":[{"embeddable":true,"href":"https:\/\/www.sincomam.org.br\/index.php\/wp-json\/wp\/v2\/comments?post=53576"}],"version-history":[{"count":1,"href":"https:\/\/www.sincomam.org.br\/index.php\/wp-json\/wp\/v2\/posts\/53576\/revisions"}],"predecessor-version":[{"id":53579,"href":"https:\/\/www.sincomam.org.br\/index.php\/wp-json\/wp\/v2\/posts\/53576\/revisions\/53579"}],"wp:featuredmedia":[{"embeddable":true,"href":"https:\/\/www.sincomam.org.br\/index.php\/wp-json\/wp\/v2\/media\/53578"}],"wp:attachment":[{"href":"https:\/\/www.sincomam.org.br\/index.php\/wp-json\/wp\/v2\/media?parent=53576"}],"wp:term":[{"taxonomy":"category","embeddable":true,"href":"https:\/\/www.sincomam.org.br\/index.php\/wp-json\/wp\/v2\/categories?post=53576"},{"taxonomy":"post_tag","embeddable":true,"href":"https:\/\/www.sincomam.org.br\/index.php\/wp-json\/wp\/v2\/tags?post=53576"}],"curies":[{"name":"wp","href":"https:\/\/api.w.org\/{rel}","templated":true}]}}