{"id":53548,"date":"2024-08-23T10:30:36","date_gmt":"2024-08-23T13:30:36","guid":{"rendered":"http:\/\/www.sincomam.org.br\/?p=53548"},"modified":"2024-08-23T10:30:36","modified_gmt":"2024-08-23T13:30:36","slug":"como-aquecimento-do-mediterraneo-pode-ter-causado-naufragio-de-iate-na-italia","status":"publish","type":"post","link":"https:\/\/www.sincomam.org.br\/index.php\/como-aquecimento-do-mediterraneo-pode-ter-causado-naufragio-de-iate-na-italia\/","title":{"rendered":"Como aquecimento do Mediterr\u00e2neo pode ter causado naufr\u00e1gio de iate, na It\u00e1lia"},"content":{"rendered":"<p>Uma tempestade repentina, violenta e mortal na costa da Sic\u00edlia, na\u00a0It\u00e1lia, afundou o veleiro de luxo Bayesian na segunda-feira (19\/08) e matou cinco pessoas. A ilha est\u00e1 localizada no Mar Mediterr\u00e2neo, ponto de encontro de iates, cruzeiros e barcos no ver\u00e3o pelas \u00e1guas tranquilas \u2014 mas que ainda podem ser perigosas.<\/p>\n<p>N\u00e3o \u00e9 a toa que muitos migrantes morrem todos os anos para fazer a travessia entre \u00c1frica e Europa pelo Mediterr\u00e2neo. Ele pode ser turbulento e, com a\u00e7\u00e3o humana, est\u00e1 se tornando cada vez mais perigoso.<\/p>\n<p>As raz\u00f5es para o\u00a0naufr\u00e1gio do Bayesian\u00a0est\u00e3o sendo investigadas. De acordo com o presidente da Sociedade Italiana de Meteorologia, Luca Mercalli, &#8220;estava escuro e n\u00e3o h\u00e1 imagens dispon\u00edveis&#8221;. Por\u00e9m, acredita-se que o iate foi atingido por uma tromba d&#8217;\u00e1gua, um dos tipos de tornado existentes. Naquele dia, ao menos 24 trombas d\u00b4\u00e1gua foram reportadas ao longo da It\u00e1lia.<\/p>\n<p><a href=\"https:\/\/www.sincomam.org.br\/wp-content\/uploads\/2024\/08\/Barco-com-22-pessoas-afunda-na-costa-da-Italia-por-00777868-879b11caef301ba92c993f3a79a9cc8a-1.webp\"><img decoding=\"async\" class=\"alignleft size-medium wp-image-53551\" src=\"https:\/\/www.sincomam.org.br\/wp-content\/uploads\/2024\/08\/Barco-com-22-pessoas-afunda-na-costa-da-Italia-por-00777868-879b11caef301ba92c993f3a79a9cc8a-1-300x160.webp\" alt=\"\" width=\"300\" height=\"160\" srcset=\"https:\/\/www.sincomam.org.br\/wp-content\/uploads\/2024\/08\/Barco-com-22-pessoas-afunda-na-costa-da-Italia-por-00777868-879b11caef301ba92c993f3a79a9cc8a-1-300x160.webp 300w, https:\/\/www.sincomam.org.br\/wp-content\/uploads\/2024\/08\/Barco-com-22-pessoas-afunda-na-costa-da-Italia-por-00777868-879b11caef301ba92c993f3a79a9cc8a-1-768x409.webp 768w, https:\/\/www.sincomam.org.br\/wp-content\/uploads\/2024\/08\/Barco-com-22-pessoas-afunda-na-costa-da-Italia-por-00777868-879b11caef301ba92c993f3a79a9cc8a-1.webp 940w\" sizes=\"(max-width: 300px) 100vw, 300px\" \/><\/a><\/p>\n<p>O fen\u00f4meno \u00e9 uma coluna de ar girat\u00f3ria abaixo de uma tempestade, que geralmente acontece acima da \u00e1gua e se alimenta de calor e umidade. A maioria das trombas d\u00b4\u00e1gua s\u00e3o fracas, duram alguns segundos antes de se dissipar, segundo o meteorologista da Universidade de Reading Peter Inness.<\/p>\n<p>Um estudo da Universidade de Barcelona indica que \u00e9 mais f\u00e1cil encontrar trombas d&#8217;\u00e1gua quando o oceano est\u00e1 aquecido. A mudan\u00e7a clim\u00e1tica tem impulsionado a ocorr\u00eancia de mais tempestades, algumas influenciadas pela diferen\u00e7a de temperatura da \u00e1gua, afirmam meteorologistas.<\/p>\n<p><strong>Explica\u00e7\u00e3o t\u00e9cnica\u00a0<\/strong><\/p>\n<p>Quando os oceanos est\u00e3o quentes, eles injetam mais calor na atmosfera, o que pode se converter em ventos fortes ou tempestades. A enxurrada que atingiu a Sic\u00edlia chegou ao Mediterr\u00e2neo pelo leste e ganhou energia da temperatura elevada do oceano, conforme o Instituto de Ci\u00eancias Marinhas da Espanha.<\/p>\n<p>A temperatura da \u00e1gua ao redor da Sic\u00edlia, por exemplo, est\u00e1 em aproximadamente 30\u00baC, 3\u00baC acima do que o normal para essa \u00e9poca do ano, disse Mercalli \u00e0 CNN.<\/p>\n<p>Cientistas estimam que o Mediterr\u00e2neo est\u00e1 se aquecendo 20% mais r\u00e1pido do que a m\u00e9dia global. &#8220;O aquecimento global est\u00e1 intensificando todos os eventos extremos, com grandes custos para os povos e a sociedade&#8221;, finaliza Mercalli.<\/p>\n<p>Fonte: Correio Braziliense.<\/p>\n","protected":false},"excerpt":{"rendered":"<p>Uma tempestade repentina, violenta e mortal na costa da Sic\u00edlia, na\u00a0It\u00e1lia, afundou o veleiro de luxo Bayesian na segunda-feira (19\/08) e matou cinco pessoas. A&#8230;<\/p>\n","protected":false},"author":1527,"featured_media":53550,"comment_status":"closed","ping_status":"closed","sticky":false,"template":"","format":"standard","meta":{"footnotes":""},"categories":[6],"tags":[],"class_list":["post-53548","post","type-post","status-publish","format-standard","has-post-thumbnail","hentry","category-noticias"],"_links":{"self":[{"href":"https:\/\/www.sincomam.org.br\/index.php\/wp-json\/wp\/v2\/posts\/53548","targetHints":{"allow":["GET"]}}],"collection":[{"href":"https:\/\/www.sincomam.org.br\/index.php\/wp-json\/wp\/v2\/posts"}],"about":[{"href":"https:\/\/www.sincomam.org.br\/index.php\/wp-json\/wp\/v2\/types\/post"}],"author":[{"embeddable":true,"href":"https:\/\/www.sincomam.org.br\/index.php\/wp-json\/wp\/v2\/users\/1527"}],"replies":[{"embeddable":true,"href":"https:\/\/www.sincomam.org.br\/index.php\/wp-json\/wp\/v2\/comments?post=53548"}],"version-history":[{"count":1,"href":"https:\/\/www.sincomam.org.br\/index.php\/wp-json\/wp\/v2\/posts\/53548\/revisions"}],"predecessor-version":[{"id":53552,"href":"https:\/\/www.sincomam.org.br\/index.php\/wp-json\/wp\/v2\/posts\/53548\/revisions\/53552"}],"wp:featuredmedia":[{"embeddable":true,"href":"https:\/\/www.sincomam.org.br\/index.php\/wp-json\/wp\/v2\/media\/53550"}],"wp:attachment":[{"href":"https:\/\/www.sincomam.org.br\/index.php\/wp-json\/wp\/v2\/media?parent=53548"}],"wp:term":[{"taxonomy":"category","embeddable":true,"href":"https:\/\/www.sincomam.org.br\/index.php\/wp-json\/wp\/v2\/categories?post=53548"},{"taxonomy":"post_tag","embeddable":true,"href":"https:\/\/www.sincomam.org.br\/index.php\/wp-json\/wp\/v2\/tags?post=53548"}],"curies":[{"name":"wp","href":"https:\/\/api.w.org\/{rel}","templated":true}]}}