{"id":53490,"date":"2024-08-22T10:35:57","date_gmt":"2024-08-22T13:35:57","guid":{"rendered":"http:\/\/www.sincomam.org.br\/?p=53490"},"modified":"2024-08-22T10:35:57","modified_gmt":"2024-08-22T13:35:57","slug":"marinha-do-brasil-faz-homenagem-aos-tripulantes-do-submarino-argentino-san-juan","status":"publish","type":"post","link":"https:\/\/www.sincomam.org.br\/index.php\/marinha-do-brasil-faz-homenagem-aos-tripulantes-do-submarino-argentino-san-juan\/","title":{"rendered":"Marinha do Brasil faz homenagem aos tripulantes do Submarino argentino San Juan"},"content":{"rendered":"<p class=\"text-align-justify\">Nesta semana, durante a Opera\u00e7\u00e3o \u201cFraterno XXXVII\u201d, foi prestada uma homenagem aos tripulantes mortos do Submarino San Juan, da Armada da Rep\u00fablica da Argentina (ARA), acidentado em novembro de 2017. O evento foi conduzido pelo Comandante da 1\u00aa Divis\u00e3o da Esquadra (ComDiv-1), Contra-Almirante Nelson Leite, com a participa\u00e7\u00e3o de representantes do seu Estado-Maior e da tripula\u00e7\u00e3o da Fragata \u201cLiberal\u201d.<\/p>\n<p class=\"text-align-justify\">Sob o toque de Sil\u00eancio, o lan\u00e7amento de flores ao mar foi realizado pelo ComDiv-1, acompanhado pelo Comandante da Fragata \u201cLiberal\u201d,Capit\u00e3o de Fragata Rog\u00e9rio Diniz; por um oficial Submarinista embarcado, o Capit\u00e3o-Tenente Adolfo Hoffman; e pelo Capel\u00e3o Naval, o Primeiro-Tenente Valterl\u00e2nio Dias.<\/p>\n<p class=\"text-align-justify\">A cerim\u00f4nia foi marcada por momentos de reflex\u00e3o, relembrando os tripulantes que perderam suas vidas nesse acidente. Na ocasi\u00e3o, o Capit\u00e3o-Tenente Adolfo Hoffman, representando os submarinistas, fez uso da palavra, destacando que os navegantes brasileiros compartilham do mesmo sentimento que os argentinos, nesse momento saudoso, por compreenderem os desafios da vida no mar. \u201cO servi\u00e7o nos submarinos, em particular, \u00e9 um servi\u00e7o di\u00e1rio de coragem e de honra, de dedica\u00e7\u00e3o \u00e0 hist\u00f3ria e ao futuro das nossas Marinhas e nossas na\u00e7\u00f5es. Reconhecer a falta desses her\u00f3is \u00e9 valorizar a carreira de sacrif\u00edcio dos submarinistas; \u00e9 compartilhar afeto para diminuir a dor das fam\u00edlias\u201d, disse.<\/p>\n<p class=\"text-align-justify\">O Capel\u00e3o Valterl\u00e2nio tamb\u00e9m destacou a import\u00e2ncia de honrar aqueles que se v\u00e3o e que deixam sua marca na hist\u00f3ria naval. \u201c\u00c9 bom recordar daqueles que amamos, e nesse caso em espec\u00edfico, militares como n\u00f3s, que atuaram brilhantemente em prol de sua na\u00e7\u00e3o\u201d.<\/p>\n<p class=\"text-align-justify\">O Submarino San Juan desapareceu em 15 de novembro de 2017, quando voltava do porto de Ushuaia, onde realizou exerc\u00edcios militares, para a Base Naval de Mar del Plata. \u201cO acidente faz parte de um tr\u00e1gico e triste momento da hist\u00f3ria da Armada da Argentina. Ent\u00e3o, a homenagem realizada, a bordo, teve o objetivo de honrar a mem\u00f3ria dos militares que perderam suas vidas nessa ocasi\u00e3o, e que permanecer\u00e3o em patrulha eterna no Atl\u00e2ntico Sul, na mem\u00f3ria dos familiares e de todo o povo argentino\u201d, destacou o Contra-Almirante Nelson Leite.<\/p>\n<p class=\"text-align-justify\">\nFonte: Ag\u00eancia Marinha de Not\u00edcias<\/p>\n","protected":false},"excerpt":{"rendered":"<p>Nesta semana, durante a Opera\u00e7\u00e3o \u201cFraterno XXXVII\u201d, foi prestada uma homenagem aos tripulantes mortos do Submarino San Juan, da Armada da Rep\u00fablica da Argentina (ARA),&#8230;<\/p>\n","protected":false},"author":1527,"featured_media":53492,"comment_status":"closed","ping_status":"closed","sticky":false,"template":"","format":"standard","meta":{"footnotes":""},"categories":[6],"tags":[],"class_list":["post-53490","post","type-post","status-publish","format-standard","has-post-thumbnail","hentry","category-noticias"],"_links":{"self":[{"href":"https:\/\/www.sincomam.org.br\/index.php\/wp-json\/wp\/v2\/posts\/53490","targetHints":{"allow":["GET"]}}],"collection":[{"href":"https:\/\/www.sincomam.org.br\/index.php\/wp-json\/wp\/v2\/posts"}],"about":[{"href":"https:\/\/www.sincomam.org.br\/index.php\/wp-json\/wp\/v2\/types\/post"}],"author":[{"embeddable":true,"href":"https:\/\/www.sincomam.org.br\/index.php\/wp-json\/wp\/v2\/users\/1527"}],"replies":[{"embeddable":true,"href":"https:\/\/www.sincomam.org.br\/index.php\/wp-json\/wp\/v2\/comments?post=53490"}],"version-history":[{"count":1,"href":"https:\/\/www.sincomam.org.br\/index.php\/wp-json\/wp\/v2\/posts\/53490\/revisions"}],"predecessor-version":[{"id":53493,"href":"https:\/\/www.sincomam.org.br\/index.php\/wp-json\/wp\/v2\/posts\/53490\/revisions\/53493"}],"wp:featuredmedia":[{"embeddable":true,"href":"https:\/\/www.sincomam.org.br\/index.php\/wp-json\/wp\/v2\/media\/53492"}],"wp:attachment":[{"href":"https:\/\/www.sincomam.org.br\/index.php\/wp-json\/wp\/v2\/media?parent=53490"}],"wp:term":[{"taxonomy":"category","embeddable":true,"href":"https:\/\/www.sincomam.org.br\/index.php\/wp-json\/wp\/v2\/categories?post=53490"},{"taxonomy":"post_tag","embeddable":true,"href":"https:\/\/www.sincomam.org.br\/index.php\/wp-json\/wp\/v2\/tags?post=53490"}],"curies":[{"name":"wp","href":"https:\/\/api.w.org\/{rel}","templated":true}]}}