{"id":53471,"date":"2024-08-21T07:16:14","date_gmt":"2024-08-21T10:16:14","guid":{"rendered":"http:\/\/www.sincomam.org.br\/?p=53471"},"modified":"2024-08-21T07:16:22","modified_gmt":"2024-08-21T10:16:22","slug":"colegio-naval-e-destaque-no-ideb-como-um-dos-melhores-do-brasil","status":"publish","type":"post","link":"https:\/\/www.sincomam.org.br\/index.php\/colegio-naval-e-destaque-no-ideb-como-um-dos-melhores-do-brasil\/","title":{"rendered":"Col\u00e9gio Naval \u00e9 destaque no Ideb como um dos melhores do Brasil"},"content":{"rendered":"<p class=\"text-align-justify\">O Col\u00e9gio Naval (CN) \u00e9 o primeiro colocado no ranking do \u00cdndice de Desenvolvimento da Educa\u00e7\u00e3o B\u00e1sica (Ideb), na categoria de melhor Ensino M\u00e9dio da rede p\u00fablica do estado do Rio de Janeiro, com a nota m\u00e9dia de 7,4. Em \u00e2mbito nacional, conquistou o quarto lugar. Divulgado na semana passada pelo Minist\u00e9rio da Educa\u00e7\u00e3o, o resultado \u00e9 referente a 2023. O indicador relaciona as taxas de aprova\u00e7\u00e3o escolar, obtidas no Censo Escolar, com as m\u00e9dias de desempenho em l\u00edngua portuguesa e matem\u00e1tica dos estudantes no Sistema de Avalia\u00e7\u00e3o da Educa\u00e7\u00e3o B\u00e1sica.<\/p>\n<p class=\"text-align-justify\">Com a miss\u00e3o de \u201cassegurar aos alunos o preparo intelectual, f\u00edsico, psicol\u00f3gico, moral e militar-naval e incentiv\u00e1-los para a carreira naval\u201d, o CN \u00e9 uma institui\u00e7\u00e3o militar de n\u00edvel m\u00e9dio que prepara os jovens (homens e mulheres), visando ao ingresso no Corpo de Aspirantes da Escola Naval, onde s\u00e3o formados Oficiais da Marinha do Brasil (MB).<\/p>\n<p class=\"text-align-justify\">\u201cO sucesso \u00e9 resultado de um conjunto de requisitos, compet\u00eancias e habilidades que s\u00e3o desenvolvidos, ao longo de tr\u00eas anos, visando incentivar o aluno a pensar, projetar e vislumbrar os passos para uma carreira militar bem-sucedida, constituindo-se de uma constru\u00e7\u00e3o que acompanha o desenvolvimento da sua identidade, em contextos permeados pela cultura militar naval e por demandas sociais que se articulam. Al\u00e9m disso, o corpo docente de excel\u00eancia do Col\u00e9gio Naval, composto por uma colabora\u00e7\u00e3o harmoniosa entre civis e militares, desempenha um papel crucial nesse \u00eaxito, bem como os alunos selecionados no Concurso de Admiss\u00e3o atendem a elevados requisitos, esses m\u00ednimos para a potencializa\u00e7\u00e3o de suas capacidades individuai\u201d, explicou o Comandante do Col\u00e9gio Naval, Capit\u00e3o de Mar e Guerra Jos\u00e9 Fernando Barboza dos Santos.<\/p>\n<p class=\"text-align-justify\">Localizado em Angra dos Reis (RJ), atualmente, o CN tem 395 alunos &#8211; 160 est\u00e3o no 1\u00ba ano, 118 no 2\u00ba ano e 117 alunos no 3\u00ba ano. \u201cA maioria j\u00e1 fez sua op\u00e7\u00e3o profissional ao iniciar sua prepara\u00e7\u00e3o para o ingresso no Curso de Prepara\u00e7\u00e3o de Aspirantes. \u00c9 um p\u00fablico que escolheu a vida militar antes mesmo de concluir o Ensino Fundamental. Dessa forma, o projeto de vida deles \u00e9 focado e baseado no aprimoramento e desenvolvimento de sua carreira. Essa \u00e9 uma caracter\u00edstica que \u00e9 buscada e aprimorada em nosso processo de ensino-aprendizagem e na nossa metodologia\u201d, revelou o Capit\u00e3o de Mar e Guerra Fernando Barboza.<\/p>\n<p class=\"text-align-justify\">Let\u00edcia Moraes dos Santos, aluna do 1\u00ba ano, se sente realizada e segura com a escolha que fez ao prestar o concurso. \u201cMeus familiares me incentivaram a estudar no CN. Eu sabia que era uma das melhores e mais concorridas institui\u00e7\u00f5es do Rio de Janeiro. Aqui eu terei uma carreira bem-sucedida. Estou feliz por saber que estamos sendo preparados com os melhores mestres e militares. A institui\u00e7\u00e3o nos ensina, al\u00e9m do acad\u00eamico, a pr\u00e1tica de bons valores e como desenvolver as responsabilidades de um militar\u201d.<\/p>\n<p class=\"text-align-justify\">O aluno do 3\u00ba ano Guilherme Salarini Vieira de Albuquerque Carvalho decidiu pelo Col\u00e9gio Naval por causa do prest\u00edgio que a Marinha sempre mostrou \u00e0 sociedade, o que gerou incentivo de familiares a seguir nessa carreira, al\u00e9m da estabilidade financeira e gosto pela profiss\u00e3o. \u201cNesse tempo de forma\u00e7\u00e3o, desenvolvi compet\u00eancias como disciplina e hierarquia, que no futuro ser\u00e3o bases fundamentais para a carreira naval, al\u00e9m do contato com militares das mais diferentes \u00e1reas, o que me permitiu ter contato com as mais diversas carreiras e auxiliar\u00e1 na minha futura escolha de Corpo\u201d.<\/p>\n<h5 class=\"text-align-justify\">Rotina dos alunos e apoio financeiro<\/h5>\n<p class=\"text-align-justify\">Durante tr\u00eas anos, tamb\u00e9m em regime de internato &#8211; tendo os fins de semana livres &#8211; os alunos estudam disciplinas do Ensino M\u00e9dio, recebem instru\u00e7\u00e3o militar-naval e praticam atividades esportivas. O curso \u00e9 totalmente gratuito e o estudante receber\u00e1 uma remunera\u00e7\u00e3o no valor de R$ 1.398,30, al\u00e9m de alimenta\u00e7\u00e3o, uniforme, assist\u00eancia m\u00e9dico-odontol\u00f3gica, psicol\u00f3gica, social e religiosa.<\/p>\n<h5 class=\"text-align-justify\">Carreira Naval e os seus benef\u00edcios<\/h5>\n<p class=\"text-align-justify\">O Col\u00e9gio Naval \u00e9 a primeira porta de entrada para aqueles que pretendem ser Oficiais da Marinha. Ap\u00f3s a completa aprova\u00e7\u00e3o no CN, os alunos seguem para a Escola Naval (EN) &#8211; a mais antiga institui\u00e7\u00e3o de Ensino Superior do Pa\u00eds -, onde tornam-se Aspirantes.<\/p>\n<p class=\"text-align-justify\">Ap\u00f3s a formatura, na EN, eles realizam a viagem de instru\u00e7\u00e3o, colocando em pr\u00e1tica todo conhecimento te\u00f3rico adquirido em sala de aula. Tamb\u00e9m \u00e9 uma experi\u00eancia para aprimorar a forma\u00e7\u00e3o cultural dos futuros Oficiais e representar o Brasil e a MB nos portos visitados. \u00c9 ao longo da viagem, que os Aspirantes conquistam o t\u00edtulo de Guarda-Marinha e, ao regressarem para o Pa\u00eds, s\u00e3o promovidos ao posto de Segundo-Tenente.<\/p>\n<p class=\"text-align-justify\">A carreira de Oficiais na Marinha, oriundos do CN e da EN, compreende os seguintes postos: Segundo-Tenente, Primeiro-Tenente, Capit\u00e3o-Tenente, Capit\u00e3o de Corveta, Capit\u00e3o de Fragata, Capit\u00e3o de Mar e Guerra, Contra-Almirante, Vice-Almirante e Almirante de Esquadra. Eles podem escolher, na EN, uma das tr\u00eas grandes \u00e1reas de atua\u00e7\u00e3o militar: Armada, Fuzileiro Naval e Intend\u00eancia da Marinha.<\/p>\n<p class=\"text-align-justify\">Al\u00e9m da perspectiva de crescimento profissional por meio de cursos e adestramentos, o plano \u00a0de \u00a0carreira prev\u00ea a possibilidade de \u00a0ascens\u00e3o \u00a0cont\u00ednua \u00a0com \u00a0aumento \u00a0de sal\u00e1rios proporcionais. Outro grande fator atrativo \u00e9 a estabilidade, direito adquirido ap\u00f3s cumpridas exig\u00eancias pr\u00e9-determinadas. Dentre os benef\u00edcios, os Oficiais e seus dependentes ainda contam com assist\u00eancia m\u00e9dico-hospitalar em instala\u00e7\u00f5es exclusivas da MB.<\/p>\n<h5 class=\"text-align-justify\">Vem pra Marinha: como entrar para o Col\u00e9gio Naval?<\/h5>\n<p class=\"text-align-justify\">O ingresso no Col\u00e9gio Naval \u00e9 mediante concurso p\u00fablico. O candidato deve ficar atento para cumprir os principais requisitos: ser brasileiro (a) nato (a); ter 15 anos completos e menos de 18 anos (o limite de idade \u00e9 referenciado a 30 de junho do ano correspondente ao in\u00edcio do respectivo curso de forma\u00e7\u00e3o militar); e ter conclu\u00eddo o 9\u00ba ano do Ensino Fundamental. A oportunidade \u00e9 para ambos os sexos.<\/p>\n<p class=\"text-align-justify\">O concurso \u00e9 dividido em tr\u00eas etapas: a primeira \u00e9 composta por provas objetivas (Matem\u00e1tica, Ingl\u00eas, Portugu\u00eas, Estudos Sociais, Ci\u00eancias) e Reda\u00e7\u00e3o. A segunda fase envolve os eventos complementares eliminat\u00f3rios: verifica\u00e7\u00e3o de dados biogr\u00e1ficos; inspe\u00e7\u00e3o de sa\u00fade; teste de aptid\u00e3o f\u00edsica; e avalia\u00e7\u00e3o psicol\u00f3gica e entre outros. A \u00faltima etapa \u00e9 o per\u00edodo de adapta\u00e7\u00e3o, com dura\u00e7\u00e3o de tr\u00eas semanas em regime internato. Aqueles que obtiverem \u00eaxito, recebem platinas de alunos do Col\u00e9gio Naval e d\u00e3o in\u00edcio ao curso de prepara\u00e7\u00e3o de Aspirantes.<\/p>\n<p>Fonte: Ag\u00eancia Marinha de Not\u00edcias<\/p>\n","protected":false},"excerpt":{"rendered":"<p>O Col\u00e9gio Naval (CN) \u00e9 o primeiro colocado no ranking do \u00cdndice de Desenvolvimento da Educa\u00e7\u00e3o B\u00e1sica (Ideb), na categoria de melhor Ensino M\u00e9dio da&#8230;<\/p>\n","protected":false},"author":1527,"featured_media":53473,"comment_status":"closed","ping_status":"closed","sticky":false,"template":"","format":"standard","meta":{"footnotes":""},"categories":[6],"tags":[],"class_list":["post-53471","post","type-post","status-publish","format-standard","has-post-thumbnail","hentry","category-noticias"],"_links":{"self":[{"href":"https:\/\/www.sincomam.org.br\/index.php\/wp-json\/wp\/v2\/posts\/53471","targetHints":{"allow":["GET"]}}],"collection":[{"href":"https:\/\/www.sincomam.org.br\/index.php\/wp-json\/wp\/v2\/posts"}],"about":[{"href":"https:\/\/www.sincomam.org.br\/index.php\/wp-json\/wp\/v2\/types\/post"}],"author":[{"embeddable":true,"href":"https:\/\/www.sincomam.org.br\/index.php\/wp-json\/wp\/v2\/users\/1527"}],"replies":[{"embeddable":true,"href":"https:\/\/www.sincomam.org.br\/index.php\/wp-json\/wp\/v2\/comments?post=53471"}],"version-history":[{"count":2,"href":"https:\/\/www.sincomam.org.br\/index.php\/wp-json\/wp\/v2\/posts\/53471\/revisions"}],"predecessor-version":[{"id":53475,"href":"https:\/\/www.sincomam.org.br\/index.php\/wp-json\/wp\/v2\/posts\/53471\/revisions\/53475"}],"wp:featuredmedia":[{"embeddable":true,"href":"https:\/\/www.sincomam.org.br\/index.php\/wp-json\/wp\/v2\/media\/53473"}],"wp:attachment":[{"href":"https:\/\/www.sincomam.org.br\/index.php\/wp-json\/wp\/v2\/media?parent=53471"}],"wp:term":[{"taxonomy":"category","embeddable":true,"href":"https:\/\/www.sincomam.org.br\/index.php\/wp-json\/wp\/v2\/categories?post=53471"},{"taxonomy":"post_tag","embeddable":true,"href":"https:\/\/www.sincomam.org.br\/index.php\/wp-json\/wp\/v2\/tags?post=53471"}],"curies":[{"name":"wp","href":"https:\/\/api.w.org\/{rel}","templated":true}]}}