{"id":53459,"date":"2024-08-21T06:55:03","date_gmt":"2024-08-21T09:55:03","guid":{"rendered":"http:\/\/www.sincomam.org.br\/?p=53459"},"modified":"2024-08-21T06:55:03","modified_gmt":"2024-08-21T09:55:03","slug":"3a-semana-de-agosto-tem-superavit-de-us-137-bi-no-comercio-exterior","status":"publish","type":"post","link":"https:\/\/www.sincomam.org.br\/index.php\/3a-semana-de-agosto-tem-superavit-de-us-137-bi-no-comercio-exterior\/","title":{"rendered":"3\u00aa semana de agosto tem super\u00e1vit de US$ 1,37 bi no com\u00e9rcio exterior"},"content":{"rendered":"<p>Na 3\u00aa semana de agosto de 2024, a balan\u00e7a comercial registrou super\u00e1vit de US$ 1,37 bilh\u00e3o e corrente de com\u00e9rcio de US$ 12,4 bilh\u00f5es, resultado de exporta\u00e7\u00f5es no valor de US$ 6,9 bilh\u00f5es e importa\u00e7\u00f5es de US$ 5,5 bilh\u00f5es. Esses resultados foram publicados nesta segunda-feira (19\/8), pela Secretaria de Com\u00e9rcio Exterior do Minist\u00e9rio do Desenvolvimento, Ind\u00fastria, Com\u00e9rcio e Servi\u00e7os (Secex\/MDIC).<\/p>\n<p>No m\u00eas, as exporta\u00e7\u00f5es somam US$ 16,9 bilh\u00f5es e as importa\u00e7\u00f5es, US$ 12,8 bilh\u00f5es, com saldo positivo de US$ 4,1 bilh\u00f5es e corrente de com\u00e9rcio de US$ 30 bilh\u00f5es.<\/p>\n<p>No ano, as exporta\u00e7\u00f5es totalizam US$ 215,1 bilh\u00f5es e as importa\u00e7\u00f5es, US$ 161,5 bilh\u00f5es, com saldo positivo de US$ 53,7 bilh\u00f5es e corrente de com\u00e9rcio de US$ 376,6 bilh\u00f5es.<\/p>\n<p class=\"callout\"><a class=\"external-link\" title=\"\" href=\"https:\/\/balanca.economia.gov.br\/balanca\/pg_principal_bc\/principais_resultados.html\" target=\"_self\" rel=\"noopener\" data-tippreview-enabled=\"false\" data-tippreview-image=\"\" data-tippreview-title=\"\">Balan\u00e7a Comercial Preliminar Parcial \u2013\u00a0 3\u00ba semana de agosto\/2024<\/a><\/p>\n<p><b>Comparativo Mensal<\/b><\/p>\n<p>Nas exporta\u00e7\u00f5es, comparadas as m\u00e9dias at\u00e9 a 3\u00aa semana de agosto\/2024 (US$ 1,4 bilh\u00e3o) com a de agosto\/2023 (US$ 1,3 bi), houve crescimento de 4,4%. Em rela\u00e7\u00e3o \u00e0s importa\u00e7\u00f5es, o crescimento foi de 14,4% na mesma compara\u00e7\u00e3o \u2013 US$ 1,06 bi agora contra US$ 933,41 no ano passado.<\/p>\n<p>Assim, at\u00e9 a 3\u00aa semana de agosto\/2024, a m\u00e9dia di\u00e1ria da corrente de com\u00e9rcio totalizou US$ 2,479 bi, e o saldo, tamb\u00e9m por m\u00e9dia di\u00e1ria, foi de US$ 342,93 milh\u00f5es. Comparando-se este per\u00edodo com a m\u00e9dia de agosto\/2023, houve crescimento de 8,5% na corrente de com\u00e9rcio.<\/p>\n<p><b>Setores<\/b><\/p>\n<p>Nas exporta\u00e7\u00f5es, o desempenho dos setores pela m\u00e9dia di\u00e1ria foi o seguinte: queda de US$ 61,21 milh\u00f5es (18,4%) em Agropecu\u00e1ria; crescimento de US$ 56,43 milh\u00f5es (18%) em Ind\u00fastria Extrativa e crescimento de US$ 66,7 milh\u00f5es (9,6%) em produtos da Ind\u00fastria de Transforma\u00e7\u00e3o.<\/p>\n<p>Nas importa\u00e7\u00f5es, houve crescimento de US$ 3,47 milh\u00f5es (21,6%) em Agropecu\u00e1ria; de US$ 12,19 milh\u00f5es (24,4%) em Ind\u00fastria Extrativa; e de US$ 118,73 milh\u00f5es (13,8%) em produtos da Ind\u00fastria de Transforma\u00e7\u00e3o.<\/p>\n<p>Fonte: Informativo dos Portos<\/p>\n","protected":false},"excerpt":{"rendered":"<p>Na 3\u00aa semana de agosto de 2024, a balan\u00e7a comercial registrou super\u00e1vit de US$ 1,37 bilh\u00e3o e corrente de com\u00e9rcio de US$ 12,4 bilh\u00f5es, resultado&#8230;<\/p>\n","protected":false},"author":1527,"featured_media":53461,"comment_status":"closed","ping_status":"closed","sticky":false,"template":"","format":"standard","meta":{"footnotes":""},"categories":[6],"tags":[],"class_list":["post-53459","post","type-post","status-publish","format-standard","has-post-thumbnail","hentry","category-noticias"],"_links":{"self":[{"href":"https:\/\/www.sincomam.org.br\/index.php\/wp-json\/wp\/v2\/posts\/53459","targetHints":{"allow":["GET"]}}],"collection":[{"href":"https:\/\/www.sincomam.org.br\/index.php\/wp-json\/wp\/v2\/posts"}],"about":[{"href":"https:\/\/www.sincomam.org.br\/index.php\/wp-json\/wp\/v2\/types\/post"}],"author":[{"embeddable":true,"href":"https:\/\/www.sincomam.org.br\/index.php\/wp-json\/wp\/v2\/users\/1527"}],"replies":[{"embeddable":true,"href":"https:\/\/www.sincomam.org.br\/index.php\/wp-json\/wp\/v2\/comments?post=53459"}],"version-history":[{"count":1,"href":"https:\/\/www.sincomam.org.br\/index.php\/wp-json\/wp\/v2\/posts\/53459\/revisions"}],"predecessor-version":[{"id":53462,"href":"https:\/\/www.sincomam.org.br\/index.php\/wp-json\/wp\/v2\/posts\/53459\/revisions\/53462"}],"wp:featuredmedia":[{"embeddable":true,"href":"https:\/\/www.sincomam.org.br\/index.php\/wp-json\/wp\/v2\/media\/53461"}],"wp:attachment":[{"href":"https:\/\/www.sincomam.org.br\/index.php\/wp-json\/wp\/v2\/media?parent=53459"}],"wp:term":[{"taxonomy":"category","embeddable":true,"href":"https:\/\/www.sincomam.org.br\/index.php\/wp-json\/wp\/v2\/categories?post=53459"},{"taxonomy":"post_tag","embeddable":true,"href":"https:\/\/www.sincomam.org.br\/index.php\/wp-json\/wp\/v2\/tags?post=53459"}],"curies":[{"name":"wp","href":"https:\/\/api.w.org\/{rel}","templated":true}]}}