{"id":53425,"date":"2024-08-20T08:29:51","date_gmt":"2024-08-20T11:29:51","guid":{"rendered":"http:\/\/www.sincomam.org.br\/?p=53425"},"modified":"2024-08-20T08:48:11","modified_gmt":"2024-08-20T11:48:11","slug":"marinha-do-brasil-e-armada-da-argentina-realizam-fase-maritima-da-operacao-fraterno-xxxvii-fonte-agencia-marinha-de-noticias-acesse-https-www-agencia-marinha-mil-br","status":"publish","type":"post","link":"https:\/\/www.sincomam.org.br\/index.php\/marinha-do-brasil-e-armada-da-argentina-realizam-fase-maritima-da-operacao-fraterno-xxxvii-fonte-agencia-marinha-de-noticias-acesse-https-www-agencia-marinha-mil-br\/","title":{"rendered":"Marinha do Brasil e Armada da Argentina realizam fase mar\u00edtima da Opera\u00e7\u00e3o \u201cFraterno XXXVII\u201d"},"content":{"rendered":"<p class=\"text-align-justify\">As \u00c1guas Jurisdicionais Argentinas foram o cen\u00e1rio de diversas manobras t\u00e1ticas realizadas por navios de guerra e aeronaves da Marinha do Brasil (MB) e da Armada da Rep\u00fablica da Argentina (ARA). Os exerc\u00edcios fazem parte da fase mar\u00edtima da Opera\u00e7\u00e3o \u201cFraterno XXXVII\u201d, que teve in\u00edcio no s\u00e1bado (17).<\/p>\n<p class=\"text-align-justify\">Os meios navais das For\u00e7as treinaram a aproxima\u00e7\u00e3o entre si e a manuten\u00e7\u00e3o de suas posi\u00e7\u00f5es, enquanto navegavam. Essas a\u00e7\u00f5es visam aprimorar o treinamento dos navios, permitindo a sua prepara\u00e7\u00e3o para o estabelecimento de dispositivos que incrementem a capacidade de defesa ou ataque no mar, viabilizando o controle de \u00e1reas mar\u00edtimas e a prote\u00e7\u00e3o do tr\u00e1fego mar\u00edtimo e das infraestruturas cr\u00edticas do poder mar\u00edtimo no Atl\u00e2ntico Sul.<\/p>\n<p class=\"text-align-justify\">Pela MB, participaram a Fragata \u201cLiberal\u201d, com aeronave AH-11B \u201cSuper Lynx\u201d embarcada; e pela ARA, o Navio-Patrulha \u201cAlmirante Storni\u201d, as Corvetas classe Meko 140 \u201cEspora\u201d e \u201cRosales\u201d, os Contratorpedeiros classe Meko 360 \u201cLa Argentina\u201d e \u201cSarandi\u201d e a aeronave AS-555 \u201cFennec\u201d.<\/p>\n<h5 class=\"text-align-justify\"><strong>Exerc\u00edcio de tiro antia\u00e9reo<\/strong><\/h5>\n<p class=\"text-align-justify\">Os navios realizaram ainda o exerc\u00edcio de tiro antia\u00e9reo, em que utilizaram seus sistemas de armas contra um alvo a\u00e9reo simulado, representado por uma granada iluminativa. O prop\u00f3sito foi promover o m\u00e1ximo grau de rea\u00e7\u00e3o, observando o cumprimento das instru\u00e7\u00f5es de seguran\u00e7a, desde a detec\u00e7\u00e3o do alvo at\u00e9 o emprego dos armamentos.<\/p>\n<p class=\"text-align-justify\">A 37\u00aa edi\u00e7\u00e3o da Opera\u00e7\u00e3o \u201cFRATERNO\u201d tem o objetivo de contribuir para o incremento do n\u00edvel de adestramento dos meios da Esquadra brasileira e da Armada Argentina, al\u00e9m de promover a coopera\u00e7\u00e3o e o estreitamento de la\u00e7os de amizade entre essas For\u00e7as. Ela amplia, ainda, as a\u00e7\u00f5es de presen\u00e7a naval em apoio \u00e0s a\u00e7\u00f5es de diplomacia e intensifica as medidas de fomento da confian\u00e7a m\u00fatua e de seguran\u00e7a internacional.<\/p>\n<p class=\"text-align-justify\">At\u00e9 agora, os militares brasileiros e argentinos j\u00e1 realizaram diferentes atividades no mar, que consistiram no emprego dos navios em formaturas distintas; diversos exerc\u00edcios simulando guerra antissubmarina nos mais variados n\u00edveis de complexidade, com participa\u00e7\u00e3o do Submarino \u201cTikuna\u201d da MB; al\u00e9m de adestramentos de tr\u00e2nsito sob amea\u00e7a a\u00e9rea, em que as aeronaves simularam ataques aos navios.<\/p>\n<p class=\"text-align-justify\">O Grupo-Tarefa brasileiro da Opera\u00e7\u00e3o \u201cFraterno\u201d \u00e9 comandado pelo Contra-Almirante Nelson de Oliveira Leite, Comandante da 1\u00aa Divis\u00e3o da Esquadra. O Almirante afirma que opera\u00e7\u00f5es como essa refor\u00e7am a continuidade de uma parceria que transcende fronteiras e demonstra a for\u00e7a da uni\u00e3o dos pa\u00edses envolvidos. \u201cAo longo desses anos, nossas Marinhas t\u00eam trabalhado lado a lado, enfrentando desafios e superando obst\u00e1culos, sempre com o objetivo de garantir a paz e a estabilidade em nossas \u00e1reas mar\u00edtimas\u201d, destacou.<\/p>\n<p><a href=\"https:\/\/www.sincomam.org.br\/wp-content\/uploads\/2024\/08\/galeria1_fraterno.jpg\"><img fetchpriority=\"high\" decoding=\"async\" class=\"alignleft size-medium wp-image-53428\" src=\"https:\/\/www.sincomam.org.br\/wp-content\/uploads\/2024\/08\/galeria1_fraterno-300x179.jpg\" alt=\"\" width=\"300\" height=\"179\" srcset=\"https:\/\/www.sincomam.org.br\/wp-content\/uploads\/2024\/08\/galeria1_fraterno-300x179.jpg 300w, https:\/\/www.sincomam.org.br\/wp-content\/uploads\/2024\/08\/galeria1_fraterno-1024x613.jpg 1024w, https:\/\/www.sincomam.org.br\/wp-content\/uploads\/2024\/08\/galeria1_fraterno-768x459.jpg 768w, https:\/\/www.sincomam.org.br\/wp-content\/uploads\/2024\/08\/galeria1_fraterno.jpg 1170w\" sizes=\"(max-width: 300px) 100vw, 300px\" \/><\/a><\/p>\n<h5 class=\"text-align-justify\"><strong>Interc\u00e2mbio de militares<\/strong><\/h5>\n<p class=\"text-align-justify\">Durante a comiss\u00e3o, os navios de ambos os pa\u00edses promoveram interc\u00e2mbio por meio da troca de Oficiais de liga\u00e7\u00e3o. O Capit\u00e3o de Corveta Nicol\u00e1s Suarez, da Armada Argentina, embarcou na Fragata \u201cLiberal\u201d, com apoio de aeronave argentina que pousou no navio brasileiro, e o Capit\u00e3o-Tenente Juliano Morales, da Marinha do Brasil, embarcou no Contratorpedeiro \u201cSarand\u00ed\u201d.<\/p>\n<p class=\"text-align-justify\">Para o Comandante argentino Nicol\u00e1s Su\u00e1rez, que nunca havia embarcado em navio da MB, a experi\u00eancia foi enriquecedora. \u201cPude participar de opera\u00e7\u00f5es, agora de outro \u00e2ngulo, participei de reuni\u00f5es de prepara\u00e7\u00e3o, da rotina dos militares brasileiros e vi muitas coisas comuns entre nossas formas de operar. Foi uma honra para mim\u201d, destacou.<\/p>\n<h5 class=\"text-align-justify\"><strong>Zona de Paz e Coopera\u00e7\u00e3o do Atl\u00e2ntico Sul (ZOPACAS)<\/strong><\/h5>\n<p class=\"text-align-justify\">Realizada h\u00e1 mais de 45 anos, a Opera\u00e7\u00e3o \u201cFraterno\u201d contribui para o incremento da interoperabilidade dos meios da Esquadra brasileira e argentina, bem como refor\u00e7a o bom relacionamento entre essas Marinhas.<\/p>\n<p>Fonte: Ag\u00eancia Marinha de Not\u00edcias<\/p>\n","protected":false},"excerpt":{"rendered":"<p>As \u00c1guas Jurisdicionais Argentinas foram o cen\u00e1rio de diversas manobras t\u00e1ticas realizadas por navios de guerra e aeronaves da Marinha do Brasil (MB) e da&#8230;<\/p>\n","protected":false},"author":1527,"featured_media":53427,"comment_status":"closed","ping_status":"closed","sticky":false,"template":"","format":"standard","meta":{"footnotes":""},"categories":[6],"tags":[],"class_list":["post-53425","post","type-post","status-publish","format-standard","has-post-thumbnail","hentry","category-noticias"],"_links":{"self":[{"href":"https:\/\/www.sincomam.org.br\/index.php\/wp-json\/wp\/v2\/posts\/53425","targetHints":{"allow":["GET"]}}],"collection":[{"href":"https:\/\/www.sincomam.org.br\/index.php\/wp-json\/wp\/v2\/posts"}],"about":[{"href":"https:\/\/www.sincomam.org.br\/index.php\/wp-json\/wp\/v2\/types\/post"}],"author":[{"embeddable":true,"href":"https:\/\/www.sincomam.org.br\/index.php\/wp-json\/wp\/v2\/users\/1527"}],"replies":[{"embeddable":true,"href":"https:\/\/www.sincomam.org.br\/index.php\/wp-json\/wp\/v2\/comments?post=53425"}],"version-history":[{"count":3,"href":"https:\/\/www.sincomam.org.br\/index.php\/wp-json\/wp\/v2\/posts\/53425\/revisions"}],"predecessor-version":[{"id":53433,"href":"https:\/\/www.sincomam.org.br\/index.php\/wp-json\/wp\/v2\/posts\/53425\/revisions\/53433"}],"wp:featuredmedia":[{"embeddable":true,"href":"https:\/\/www.sincomam.org.br\/index.php\/wp-json\/wp\/v2\/media\/53427"}],"wp:attachment":[{"href":"https:\/\/www.sincomam.org.br\/index.php\/wp-json\/wp\/v2\/media?parent=53425"}],"wp:term":[{"taxonomy":"category","embeddable":true,"href":"https:\/\/www.sincomam.org.br\/index.php\/wp-json\/wp\/v2\/categories?post=53425"},{"taxonomy":"post_tag","embeddable":true,"href":"https:\/\/www.sincomam.org.br\/index.php\/wp-json\/wp\/v2\/tags?post=53425"}],"curies":[{"name":"wp","href":"https:\/\/api.w.org\/{rel}","templated":true}]}}