{"id":53413,"date":"2024-08-19T11:35:02","date_gmt":"2024-08-19T14:35:02","guid":{"rendered":"http:\/\/www.sincomam.org.br\/?p=53413"},"modified":"2024-08-19T11:35:02","modified_gmt":"2024-08-19T14:35:02","slug":"cinco-imigrantes-clandestinos-sao-encontrados-em-navio-no-rio","status":"publish","type":"post","link":"https:\/\/www.sincomam.org.br\/index.php\/cinco-imigrantes-clandestinos-sao-encontrados-em-navio-no-rio\/","title":{"rendered":"Cinco imigrantes clandestinos s\u00e3o encontrados em navio, no Rio"},"content":{"rendered":"<p>Policiais federais resgataram cinco imigrantes provenientes da Rep\u00fablica de Guin\u00e9, que estavam escondidos em um navio cargueiro, no Rio de Janeiro, no s\u00e1bado (17). Eles teriam entrado clandestinamente na embarca\u00e7\u00e3o, que saiu de Dakar, no Senegal, e foram posteriormente descobertos pela tripula\u00e7\u00e3o.<img decoding=\"async\" src=\"https:\/\/agenciabrasil.ebc.com.br\/ebc.png?id=1608411&amp;o=node\" \/><img decoding=\"async\" src=\"https:\/\/agenciabrasil.ebc.com.br\/ebc.gif?id=1608411&amp;o=node\" \/><\/p>\n<p>Segundo a Pol\u00edcia Federal (PF), os imigrantes estavam em condi\u00e7\u00f5es prec\u00e1rias de sa\u00fade e foram resgatados por motivos humanit\u00e1rios. Com isso, tiveram autoriza\u00e7\u00e3o para um desembarque condicional. Dois deles s\u00e3o menores de idade.<\/p>\n<p>Ainda segundo a PF, um dos imigrantes demonstrou interesse em pedir ref\u00fagio no Brasil. Os cinco ser\u00e3o mantidos no Brasil \u00e0s custas da seguradora do navio, que tem bandeira maltesa, enquanto aguardam a continuidade dos procedimentos legais.<\/p>\n<p>A pol\u00edcia informou, tamb\u00e9m, que a embarca\u00e7\u00e3o foi inspecionada pela Ag\u00eancia Nacional de Vigil\u00e2ncia Sanit\u00e1ria (Anvisa) devido \u00e0 suspeita de infec\u00e7\u00e3o por mal\u00e1ria em um imigrante resgatado e em um dos tripulantes.<\/p>\n<p>Fonte: Ag\u00eancia Brasil<\/p>\n","protected":false},"excerpt":{"rendered":"<p>Policiais federais resgataram cinco imigrantes provenientes da Rep\u00fablica de Guin\u00e9, que estavam escondidos em um navio cargueiro, no Rio de Janeiro, no s\u00e1bado (17). Eles&#8230;<\/p>\n","protected":false},"author":1527,"featured_media":53415,"comment_status":"closed","ping_status":"closed","sticky":false,"template":"","format":"standard","meta":{"footnotes":""},"categories":[6],"tags":[],"class_list":["post-53413","post","type-post","status-publish","format-standard","has-post-thumbnail","hentry","category-noticias"],"_links":{"self":[{"href":"https:\/\/www.sincomam.org.br\/index.php\/wp-json\/wp\/v2\/posts\/53413","targetHints":{"allow":["GET"]}}],"collection":[{"href":"https:\/\/www.sincomam.org.br\/index.php\/wp-json\/wp\/v2\/posts"}],"about":[{"href":"https:\/\/www.sincomam.org.br\/index.php\/wp-json\/wp\/v2\/types\/post"}],"author":[{"embeddable":true,"href":"https:\/\/www.sincomam.org.br\/index.php\/wp-json\/wp\/v2\/users\/1527"}],"replies":[{"embeddable":true,"href":"https:\/\/www.sincomam.org.br\/index.php\/wp-json\/wp\/v2\/comments?post=53413"}],"version-history":[{"count":1,"href":"https:\/\/www.sincomam.org.br\/index.php\/wp-json\/wp\/v2\/posts\/53413\/revisions"}],"predecessor-version":[{"id":53416,"href":"https:\/\/www.sincomam.org.br\/index.php\/wp-json\/wp\/v2\/posts\/53413\/revisions\/53416"}],"wp:featuredmedia":[{"embeddable":true,"href":"https:\/\/www.sincomam.org.br\/index.php\/wp-json\/wp\/v2\/media\/53415"}],"wp:attachment":[{"href":"https:\/\/www.sincomam.org.br\/index.php\/wp-json\/wp\/v2\/media?parent=53413"}],"wp:term":[{"taxonomy":"category","embeddable":true,"href":"https:\/\/www.sincomam.org.br\/index.php\/wp-json\/wp\/v2\/categories?post=53413"},{"taxonomy":"post_tag","embeddable":true,"href":"https:\/\/www.sincomam.org.br\/index.php\/wp-json\/wp\/v2\/tags?post=53413"}],"curies":[{"name":"wp","href":"https:\/\/api.w.org\/{rel}","templated":true}]}}