{"id":5341,"date":"2014-05-08T08:15:51","date_gmt":"2014-05-08T11:15:51","guid":{"rendered":"http:\/\/www.sincomam.org.br\/?p=5341"},"modified":"2014-05-07T22:59:49","modified_gmt":"2014-05-08T01:59:49","slug":"companhia-docas-do-para-tera-novo-presidente","status":"publish","type":"post","link":"https:\/\/www.sincomam.org.br\/index.php\/companhia-docas-do-para-tera-novo-presidente\/","title":{"rendered":"Companhia Docas do Par\u00e1 ter\u00e1 novo presidente"},"content":{"rendered":"<p>O Conselho de Administra\u00e7\u00e3o da Companhia Docas do Par\u00e1 (CDP) aprovou ontem, ter\u00e7a-feira, 06 de abril, a indica\u00e7\u00e3o do diretor de Gest\u00e3o de Log\u00edstica Portu\u00e1ria da Secretaria de Portos (SEP), Jorge Ruiz, para o cargo de diretor-presidente Autoridade Portu\u00e1ria, em substitui\u00e7\u00e3o a Carlos Ponciano.<\/p>\n<p>A CDP administra os portos de Bel\u00e9m, Santar\u00e9m, Vila do Conde, Altamira, Itaituba e \u00d3bidos, al\u00e9m do Terminal Portu\u00e1rio do Outeiro e Terminal de Miramar.<\/p>\n<p>Na SEP desde 2007, Jorge Ernesto S\u00e1nches Ruiz \u00e9 especialista em regula\u00e7\u00e3o concursado pela Ag\u00eancia Nacional de Telecomunica\u00e7\u00f5es (Anatel). \u00c9 presidente do Conselho Fiscal da CDP desde 2013. Entre 2010 e 2013 foi representante do Brasil na Comiss\u00e3o Inframericana de Portos da Organiza\u00e7\u00e3o dos Estados Americanos (OEA).<\/p>\n<p>De 2002 a 2005 atuou como regulador da Ag\u00eancia Nacional de Transportes Aquavi\u00e1rios (ANTAQ). Entre 1984 e 1995, foi gerente da Divis\u00e3o de An\u00e1lise Econ\u00f4mica da principal, concession\u00e1ria p\u00fablica de rodovias, travessias litor\u00e2neas e Porto de S\u00e3o Sebasti\u00e3o no Estado de S\u00e3o Paulo (Dersa \u2013 Desenvolvimento Rodovi\u00e1rio). Ele foi respons\u00e1vel pelas \u00e1reas de or\u00e7amento, custos, tarifas e estudos econ\u00f4micos em geral.<\/p>\n<p>Ruiz \u00e9 bacharel em Ci\u00eancias Econ\u00f4micas pela Pontif\u00edcia Universidade Cat\u00f3lica de Campinas (PUCCAMP) e tem mestrando em Ci\u00eancias Sociais pela Faculdade Latino Americana de Ci\u00eancias Sociais, sediada em Quito, no Equador. Em Cingapura, fez curso de extens\u00e3o em Gest\u00e3o e Opera\u00e7\u00e3o Portu\u00e1ria pelo PSA.<\/p>\n<p>Fonte: SEP\/Assessoria de Comunica\u00e7\u00e3o Social<\/p>\n","protected":false},"excerpt":{"rendered":"<p>O Conselho de Administra\u00e7\u00e3o da Companhia Docas do Par\u00e1 (CDP) aprovou ontem, ter\u00e7a-feira, 06 de abril, a indica\u00e7\u00e3o do diretor de Gest\u00e3o de Log\u00edstica Portu\u00e1ria&#8230;<\/p>\n","protected":false},"author":1182,"featured_media":5342,"comment_status":"closed","ping_status":"closed","sticky":false,"template":"","format":"standard","meta":{"footnotes":""},"categories":[6],"tags":[1119,100,314],"class_list":["post-5341","post","type-post","status-publish","format-standard","has-post-thumbnail","hentry","category-noticias","tag-companhia-docas-do-para","tag-novo","tag-presidente"],"_links":{"self":[{"href":"https:\/\/www.sincomam.org.br\/index.php\/wp-json\/wp\/v2\/posts\/5341","targetHints":{"allow":["GET"]}}],"collection":[{"href":"https:\/\/www.sincomam.org.br\/index.php\/wp-json\/wp\/v2\/posts"}],"about":[{"href":"https:\/\/www.sincomam.org.br\/index.php\/wp-json\/wp\/v2\/types\/post"}],"author":[{"embeddable":true,"href":"https:\/\/www.sincomam.org.br\/index.php\/wp-json\/wp\/v2\/users\/1182"}],"replies":[{"embeddable":true,"href":"https:\/\/www.sincomam.org.br\/index.php\/wp-json\/wp\/v2\/comments?post=5341"}],"version-history":[{"count":1,"href":"https:\/\/www.sincomam.org.br\/index.php\/wp-json\/wp\/v2\/posts\/5341\/revisions"}],"predecessor-version":[{"id":5343,"href":"https:\/\/www.sincomam.org.br\/index.php\/wp-json\/wp\/v2\/posts\/5341\/revisions\/5343"}],"wp:featuredmedia":[{"embeddable":true,"href":"https:\/\/www.sincomam.org.br\/index.php\/wp-json\/wp\/v2\/media\/5342"}],"wp:attachment":[{"href":"https:\/\/www.sincomam.org.br\/index.php\/wp-json\/wp\/v2\/media?parent=5341"}],"wp:term":[{"taxonomy":"category","embeddable":true,"href":"https:\/\/www.sincomam.org.br\/index.php\/wp-json\/wp\/v2\/categories?post=5341"},{"taxonomy":"post_tag","embeddable":true,"href":"https:\/\/www.sincomam.org.br\/index.php\/wp-json\/wp\/v2\/tags?post=5341"}],"curies":[{"name":"wp","href":"https:\/\/api.w.org\/{rel}","templated":true}]}}