{"id":53405,"date":"2024-08-19T09:54:12","date_gmt":"2024-08-19T12:54:12","guid":{"rendered":"http:\/\/www.sincomam.org.br\/?p=53405"},"modified":"2024-08-19T09:54:12","modified_gmt":"2024-08-19T12:54:12","slug":"marinha-e-sest-senat-debatem-melhorias-na-formacao-de-trabalhadores-aquaviarios","status":"publish","type":"post","link":"https:\/\/www.sincomam.org.br\/index.php\/marinha-e-sest-senat-debatem-melhorias-na-formacao-de-trabalhadores-aquaviarios\/","title":{"rendered":"Marinha e SEST SENAT debatem melhorias na forma\u00e7\u00e3o de trabalhadores aquavi\u00e1rios"},"content":{"rendered":"<p>Em uma reuni\u00e3o realizada nesta quinta-feira, 15 de agosto, a Marinha do Brasil e o SEST SENAT se reuniram para discutir estrat\u00e9gias de aprimoramento na forma\u00e7\u00e3o profissional dos trabalhadores dos setores aquavi\u00e1rio e portu\u00e1rio. O encontro tamb\u00e9m abordou o Projeto de Lei n\u00ba 79\/2020, que visa direcionar as contribui\u00e7\u00f5es das empresas de transporte para o fortalecimento da educa\u00e7\u00e3o e sa\u00fade desses profissionais.<\/p>\n<h4><strong>Discuss\u00f5es sobre o PL 79\/2020<\/strong><\/h4>\n<p>Um dos principais pontos abordados durante a reuni\u00e3o foi o impacto do Projeto de Lei n\u00ba 79\/2020, que determina que as contribui\u00e7\u00f5es das empresas do transporte e dos transportadores aut\u00f4nomos sejam destinadas ao SEST SENAT. O projeto \u00e9 visto como essencial para aumentar os recursos dispon\u00edveis para servi\u00e7os de sa\u00fade e educa\u00e7\u00e3o voltados aos trabalhadores do setor, fortalecendo a infraestrutura de suporte necess\u00e1ria para garantir a qualidade de vida e a forma\u00e7\u00e3o cont\u00ednua desses profissionais.<\/p>\n<h4><strong>Melhorias na forma\u00e7\u00e3o profissional<\/strong><\/h4>\n<p>A reuni\u00e3o tamb\u00e9m foi uma oportunidade para discutir formas de expandir a oferta de cursos e melhorar a qualifica\u00e7\u00e3o dos trabalhadores aquavi\u00e1rios e portu\u00e1rios. Nicole Goulart, diretora executiva nacional do SEST SENAT, destacou a import\u00e2ncia de preparar a for\u00e7a de trabalho para atender \u00e0s demandas crescentes do setor, promovendo o crescimento e a competitividade do\u00a0Brasil no cen\u00e1rio global. A amplia\u00e7\u00e3o da forma\u00e7\u00e3o profissional \u00e9 vista como um passo crucial para garantir que os trabalhadores estejam capacitados para lidar com as novas tecnologias e desafios do setor.<\/p>\n<h4><strong>Import\u00e2ncia do Arco Norte<\/strong><\/h4>\n<p>Outro ponto de destaque foi o aumento do escoamento de carga pelo Arco Norte, que tem gerado uma demanda crescente por m\u00e3o de obra qualificada. Valter Souza, diretor de rela\u00e7\u00f5es institucionais do Sistema Transporte, ressaltou que investir na forma\u00e7\u00e3o desses profissionais \u00e9 essencial para maximizar o potencial do Arco Norte como um corredor estrat\u00e9gico de exporta\u00e7\u00e3o e importa\u00e7\u00e3o no Brasil. O fortalecimento da capacita\u00e7\u00e3o no setor aquavi\u00e1rio \u00e9 fundamental para atender \u00e0s complexidades e exig\u00eancias log\u00edsticas que acompanham o fluxo intensificado de mercadorias.<\/p>\n<p>Fonte:\u00a0 Ag\u00eancia CNT Transporte Atual<\/p>\n","protected":false},"excerpt":{"rendered":"<p>Em uma reuni\u00e3o realizada nesta quinta-feira, 15 de agosto, a Marinha do Brasil e o SEST SENAT se reuniram para discutir estrat\u00e9gias de aprimoramento na&#8230;<\/p>\n","protected":false},"author":1527,"featured_media":53407,"comment_status":"closed","ping_status":"closed","sticky":false,"template":"","format":"standard","meta":{"footnotes":""},"categories":[6],"tags":[],"class_list":["post-53405","post","type-post","status-publish","format-standard","has-post-thumbnail","hentry","category-noticias"],"_links":{"self":[{"href":"https:\/\/www.sincomam.org.br\/index.php\/wp-json\/wp\/v2\/posts\/53405","targetHints":{"allow":["GET"]}}],"collection":[{"href":"https:\/\/www.sincomam.org.br\/index.php\/wp-json\/wp\/v2\/posts"}],"about":[{"href":"https:\/\/www.sincomam.org.br\/index.php\/wp-json\/wp\/v2\/types\/post"}],"author":[{"embeddable":true,"href":"https:\/\/www.sincomam.org.br\/index.php\/wp-json\/wp\/v2\/users\/1527"}],"replies":[{"embeddable":true,"href":"https:\/\/www.sincomam.org.br\/index.php\/wp-json\/wp\/v2\/comments?post=53405"}],"version-history":[{"count":1,"href":"https:\/\/www.sincomam.org.br\/index.php\/wp-json\/wp\/v2\/posts\/53405\/revisions"}],"predecessor-version":[{"id":53408,"href":"https:\/\/www.sincomam.org.br\/index.php\/wp-json\/wp\/v2\/posts\/53405\/revisions\/53408"}],"wp:featuredmedia":[{"embeddable":true,"href":"https:\/\/www.sincomam.org.br\/index.php\/wp-json\/wp\/v2\/media\/53407"}],"wp:attachment":[{"href":"https:\/\/www.sincomam.org.br\/index.php\/wp-json\/wp\/v2\/media?parent=53405"}],"wp:term":[{"taxonomy":"category","embeddable":true,"href":"https:\/\/www.sincomam.org.br\/index.php\/wp-json\/wp\/v2\/categories?post=53405"},{"taxonomy":"post_tag","embeddable":true,"href":"https:\/\/www.sincomam.org.br\/index.php\/wp-json\/wp\/v2\/tags?post=53405"}],"curies":[{"name":"wp","href":"https:\/\/api.w.org\/{rel}","templated":true}]}}