{"id":53291,"date":"2024-08-14T09:36:32","date_gmt":"2024-08-14T12:36:32","guid":{"rendered":"http:\/\/www.sincomam.org.br\/?p=53291"},"modified":"2024-08-14T09:36:32","modified_gmt":"2024-08-14T12:36:32","slug":"btp-moderniza-defensas-maritimas","status":"publish","type":"post","link":"https:\/\/www.sincomam.org.br\/index.php\/btp-moderniza-defensas-maritimas\/","title":{"rendered":"BTP moderniza defensas mar\u00edtimas"},"content":{"rendered":"<p>A Brasil Terminal Portu\u00e1rio (BTP) finalizou, no in\u00edcio de agosto, a substitui\u00e7\u00e3o de 45 defensas mar\u00edtimas em seu terminal no Porto de Santos, marcando a primeira entrega do pacote de investimentos acordado com o Governo Federal para a renova\u00e7\u00e3o de sua concess\u00e3o por mais 20 anos. A empresa prev\u00ea investir cerca de R$ 2 bilh\u00f5es nos pr\u00f3ximos anos, visando aumentar em 40% a capacidade de movimenta\u00e7\u00e3o do terminal.<\/p>\n<p>Segundo Ricardo Trotti, diretor de Opera\u00e7\u00f5es da BTP, o projeto \u00e9 parte de uma s\u00e9rie de a\u00e7\u00f5es para expandir a capacidade operacional do terminal. Al\u00e9m da moderniza\u00e7\u00e3o das defensas, a empresa planeja adquirir quatro novos port\u00eaineres, dos quais dois devem chegar ainda em 2024.<\/p>\n<p>Com a instala\u00e7\u00e3o das novas defensas, o terminal passa a contar com infraestrutura em 100% de seus ber\u00e7os para receber navios da classe New Panamax, com 366 metros de comprimento e capacidade para transportar entre 13 mil e 15 mil TEU. O terminal, localizado na margem direita do Porto de Santos, possui 1.108 metros de cais e tr\u00eas ber\u00e7os de atraca\u00e7\u00e3o com profundidade para at\u00e9 15 metros.<\/p>\n<div id=\"beacon_39b894415b\"><\/div>\n<p>Eduardo Alonso Linna, gerente geral de Opera\u00e7\u00f5es da BTP, destacou que o terminal j\u00e1 recebeu tr\u00eas navios de 366 metros, incluindo uma atraca\u00e7\u00e3o realizada em 8 de agosto. A empresa poder\u00e1 operar dois desses navios simultaneamente com a mordeniza\u00e7\u00e3o.<\/p>\n<p>As defensas mar\u00edtimas s\u00e3o componentes essenciais para garantir a seguran\u00e7a das opera\u00e7\u00f5es de atraca\u00e7\u00e3o e desatraca\u00e7\u00e3o, absorvendo o impacto dos navios no cais.<\/p>\n<p>Fonte: Portos e Navios<\/p>\n","protected":false},"excerpt":{"rendered":"<p>A Brasil Terminal Portu\u00e1rio (BTP) finalizou, no in\u00edcio de agosto, a substitui\u00e7\u00e3o de 45 defensas mar\u00edtimas em seu terminal no Porto de Santos, marcando a&#8230;<\/p>\n","protected":false},"author":1527,"featured_media":53293,"comment_status":"closed","ping_status":"closed","sticky":false,"template":"","format":"standard","meta":{"footnotes":""},"categories":[6],"tags":[],"class_list":["post-53291","post","type-post","status-publish","format-standard","has-post-thumbnail","hentry","category-noticias"],"_links":{"self":[{"href":"https:\/\/www.sincomam.org.br\/index.php\/wp-json\/wp\/v2\/posts\/53291","targetHints":{"allow":["GET"]}}],"collection":[{"href":"https:\/\/www.sincomam.org.br\/index.php\/wp-json\/wp\/v2\/posts"}],"about":[{"href":"https:\/\/www.sincomam.org.br\/index.php\/wp-json\/wp\/v2\/types\/post"}],"author":[{"embeddable":true,"href":"https:\/\/www.sincomam.org.br\/index.php\/wp-json\/wp\/v2\/users\/1527"}],"replies":[{"embeddable":true,"href":"https:\/\/www.sincomam.org.br\/index.php\/wp-json\/wp\/v2\/comments?post=53291"}],"version-history":[{"count":1,"href":"https:\/\/www.sincomam.org.br\/index.php\/wp-json\/wp\/v2\/posts\/53291\/revisions"}],"predecessor-version":[{"id":53294,"href":"https:\/\/www.sincomam.org.br\/index.php\/wp-json\/wp\/v2\/posts\/53291\/revisions\/53294"}],"wp:featuredmedia":[{"embeddable":true,"href":"https:\/\/www.sincomam.org.br\/index.php\/wp-json\/wp\/v2\/media\/53293"}],"wp:attachment":[{"href":"https:\/\/www.sincomam.org.br\/index.php\/wp-json\/wp\/v2\/media?parent=53291"}],"wp:term":[{"taxonomy":"category","embeddable":true,"href":"https:\/\/www.sincomam.org.br\/index.php\/wp-json\/wp\/v2\/categories?post=53291"},{"taxonomy":"post_tag","embeddable":true,"href":"https:\/\/www.sincomam.org.br\/index.php\/wp-json\/wp\/v2\/tags?post=53291"}],"curies":[{"name":"wp","href":"https:\/\/api.w.org\/{rel}","templated":true}]}}