{"id":53287,"date":"2024-08-14T09:35:46","date_gmt":"2024-08-14T12:35:46","guid":{"rendered":"http:\/\/www.sincomam.org.br\/?p=53287"},"modified":"2024-08-14T09:35:46","modified_gmt":"2024-08-14T12:35:46","slug":"portosrio-registra-crescimento-de-23-na-movimentacao-de-cargas-no-primeiro-semestre","status":"publish","type":"post","link":"https:\/\/www.sincomam.org.br\/index.php\/portosrio-registra-crescimento-de-23-na-movimentacao-de-cargas-no-primeiro-semestre\/","title":{"rendered":"PortosRio registra crescimento de 23% na movimenta\u00e7\u00e3o de cargas no primeiro semestre"},"content":{"rendered":"<p>No primeiro semestre de 2024, a PortosRio alcan\u00e7ou um expressivo aumento na movimenta\u00e7\u00e3o de cargas, totalizando 36,7 milh\u00f5es de toneladas. Este volume representa um crescimento de 23% em rela\u00e7\u00e3o ao mesmo per\u00edodo de 2023. O resultado positivo \u00e9 atribu\u00eddo ao desempenho dos Portos de Itagua\u00ed e do Rio de Janeiro, que apresentaram crescimento de 22% e 28,4%, respectivamente.<\/p>\n<p>O Porto de Itagua\u00ed movimentou 30 milh\u00f5es de toneladas entre janeiro e junho deste ano, com destaque para o min\u00e9rio de ferro, que atingiu 27 milh\u00f5es de toneladas, um aumento de 22,5% em rela\u00e7\u00e3o ao mesmo per\u00edodo de 2023. Atualmente, o porto det\u00e9m 14,5% de participa\u00e7\u00e3o na movimenta\u00e7\u00e3o nacional de min\u00e9rio de ferro, consolidando-se como a terceira maior instala\u00e7\u00e3o portu\u00e1ria no manejo dessa commodity, que \u00e9 a principal carga da pauta exportadora do Brasil.<\/p>\n<p>O Porto do Rio de Janeiro movimentou 6,7 milh\u00f5es de toneladas, com destaque para a carga conteinerizada, que somou cinco milh\u00f5es de toneladas, representando um crescimento de 53,9% em compara\u00e7\u00e3o com o primeiro semestre de 2023. A movimenta\u00e7\u00e3o de cont\u00eaineres no porto alcan\u00e7ou a marca recorde de 430.089 TEUs, um aumento de 64,9% em rela\u00e7\u00e3o ao mesmo per\u00edodo do ano anterior.<\/p>\n<div id=\"beacon_c8338fd750\"><\/div>\n<p>Em n\u00edvel nacional, a movimenta\u00e7\u00e3o da PortosRio no primeiro semestre de 2024 corresponde a 15,8% do total movimentado nos portos p\u00fablicos do Brasil e 5,7% de todo o setor aquavi\u00e1rio, incluindo terminais privados.<\/p>\n<p>Fonte: PortosRio<\/p>\n","protected":false},"excerpt":{"rendered":"<p>No primeiro semestre de 2024, a PortosRio alcan\u00e7ou um expressivo aumento na movimenta\u00e7\u00e3o de cargas, totalizando 36,7 milh\u00f5es de toneladas. Este volume representa um crescimento&#8230;<\/p>\n","protected":false},"author":1527,"featured_media":53289,"comment_status":"closed","ping_status":"closed","sticky":false,"template":"","format":"standard","meta":{"footnotes":""},"categories":[6],"tags":[],"class_list":["post-53287","post","type-post","status-publish","format-standard","has-post-thumbnail","hentry","category-noticias"],"_links":{"self":[{"href":"https:\/\/www.sincomam.org.br\/index.php\/wp-json\/wp\/v2\/posts\/53287","targetHints":{"allow":["GET"]}}],"collection":[{"href":"https:\/\/www.sincomam.org.br\/index.php\/wp-json\/wp\/v2\/posts"}],"about":[{"href":"https:\/\/www.sincomam.org.br\/index.php\/wp-json\/wp\/v2\/types\/post"}],"author":[{"embeddable":true,"href":"https:\/\/www.sincomam.org.br\/index.php\/wp-json\/wp\/v2\/users\/1527"}],"replies":[{"embeddable":true,"href":"https:\/\/www.sincomam.org.br\/index.php\/wp-json\/wp\/v2\/comments?post=53287"}],"version-history":[{"count":1,"href":"https:\/\/www.sincomam.org.br\/index.php\/wp-json\/wp\/v2\/posts\/53287\/revisions"}],"predecessor-version":[{"id":53290,"href":"https:\/\/www.sincomam.org.br\/index.php\/wp-json\/wp\/v2\/posts\/53287\/revisions\/53290"}],"wp:featuredmedia":[{"embeddable":true,"href":"https:\/\/www.sincomam.org.br\/index.php\/wp-json\/wp\/v2\/media\/53289"}],"wp:attachment":[{"href":"https:\/\/www.sincomam.org.br\/index.php\/wp-json\/wp\/v2\/media?parent=53287"}],"wp:term":[{"taxonomy":"category","embeddable":true,"href":"https:\/\/www.sincomam.org.br\/index.php\/wp-json\/wp\/v2\/categories?post=53287"},{"taxonomy":"post_tag","embeddable":true,"href":"https:\/\/www.sincomam.org.br\/index.php\/wp-json\/wp\/v2\/tags?post=53287"}],"curies":[{"name":"wp","href":"https:\/\/api.w.org\/{rel}","templated":true}]}}