{"id":53270,"date":"2024-08-13T10:08:31","date_gmt":"2024-08-13T13:08:31","guid":{"rendered":"http:\/\/www.sincomam.org.br\/?p=53270"},"modified":"2024-08-13T10:08:31","modified_gmt":"2024-08-13T13:08:31","slug":"alerta-de-ressaca-para-litoral-do-rio-ondas-podem-chegar-ate-4-metros","status":"publish","type":"post","link":"https:\/\/www.sincomam.org.br\/index.php\/alerta-de-ressaca-para-litoral-do-rio-ondas-podem-chegar-ate-4-metros\/","title":{"rendered":"Alerta de ressaca para litoral do Rio; ondas podem chegar at\u00e9 4 metros"},"content":{"rendered":"<div id=\"chunk-b4hrf\">\n<div class=\"mc-column content-text active-extra-styles \" data-block-type=\"unstyled\" data-block-weight=\"35\" data-block-id=\"2\">\n<p class=\" content-text__container \" data-track-category=\"Link no Texto\" data-track-links=\"\" data-mrf-recirculation=\"Article links\">A Marinha do Brasil emitiu um novo alerta de ressaca para o litoral do Rio de Janeiro. O aviso come\u00e7ou a valer \u00e0s 6h desta segunda (12) e encerra \u00e0s 21h de quarta-feira (14).<\/p>\n<\/div>\n<\/div>\n<div class=\"wall protected-content\">\n<div id=\"chunk-3u9ol\">\n<div class=\"mc-column content-text active-extra-styles \" data-block-type=\"unstyled\" data-block-weight=\"23\" data-block-id=\"4\">\n<p class=\" content-text__container \" data-track-category=\"Link no Texto\" data-track-links=\"\" data-mrf-recirculation=\"Article links\">A previs\u00e3o \u00e9 de que as ondas cheguem at\u00e9 4 metros de altura durante esse per\u00edodo. Confira abaixo as recomenda\u00e7\u00f5es de seguran\u00e7a.<\/p>\n<div id=\"chunk-9gphf\">\n<div class=\"mc-column content-text active-extra-styles \" data-block-type=\"unstyled\" data-block-weight=\"39\" data-block-id=\"7\">\n<p class=\" content-text__container \" data-track-category=\"Link no Texto\" data-track-links=\"\" data-mrf-recirculation=\"Article links\">A capital fluminense registrou a menor temperatura do ano neste domingo. De acordo com o Sistema Alerta Rio, servi\u00e7o de meteorologia da prefeitura,\u00a0os term\u00f4metros chegaram a 10,3\u00b0C\u00a0\u00e0s 05h45 no Alto da Boa Vista, na Zona Norte.<\/p>\n<\/div>\n<\/div>\n<div id=\"chunk-eiqdp\">\n<div class=\"mc-column content-text active-extra-styles \" data-block-type=\"unstyled\" data-block-weight=\"25\" data-block-id=\"8\">\n<p class=\" content-text__container \" data-track-category=\"Link no Texto\" data-track-links=\"\" data-mrf-recirculation=\"Article links\">De acordo com os especialistas do \u00f3rg\u00e3o, a passagem de uma passa de ar polar foi a respons\u00e1vel pelas baixas temperaturas registradas na cidade.<\/p>\n<\/div>\n<\/div>\n<div id=\"chunk-5mcdb\">\n<div class=\"mc-column content-text active-extra-styles\" data-block-type=\"raw\" data-block-weight=\"3\" data-block-id=\"9\">\n<p class=\"content-text__container\" data-mrf-recirculation=\"Article links\"><strong>Recomenda\u00e7\u00f5es de seguran\u00e7a<\/strong><\/p>\n<\/div>\n<\/div>\n<div id=\"chunk-6opav\">\n<div class=\"mc-column content-text active-extra-styles\" data-block-type=\"raw\" data-block-weight=\"96\" data-block-id=\"10\">\n<ul class=\"content-unordered-list\" data-mrf-recirculation=\"Recomendado\">\n<li>Evitar o banho de mar em \u00e1reas que estejam em condi\u00e7\u00f5es de ressaca;<\/li>\n<li>Evitar a pr\u00e1tica de esportes no mar;<\/li>\n<li>N\u00e3o permanecer em mirantes na orla ou em locais pr\u00f3ximos ao mar durante o per\u00edodo de ressaca;<\/li>\n<li>Os frequentadores de praias devem seguir as orienta\u00e7\u00f5es das equipes do Corpo de Bombeiros;<\/li>\n<li>Os pescadores devem evitar navegar durante o per\u00edodo de ressaca;<\/li>\n<li>Evitar trafegar de bicicleta na orla caso as ondas estejam atingindo a ciclovia;<\/li>\n<li>N\u00e3o entrar no mar para resgatar v\u00edtimas de acidente. Neste caso, acione imediatamente as equipes do Corpo de Bombeiros pelo telefone 193.<\/li>\n<\/ul>\n<p>Fonte: G1<\/p>\n<\/div>\n<\/div>\n<\/div>\n<\/div>\n<\/div>\n","protected":false},"excerpt":{"rendered":"<p>A Marinha do Brasil emitiu um novo alerta de ressaca para o litoral do Rio de Janeiro. O aviso come\u00e7ou a valer \u00e0s 6h desta&#8230;<\/p>\n","protected":false},"author":1527,"featured_media":53272,"comment_status":"closed","ping_status":"closed","sticky":false,"template":"","format":"standard","meta":{"footnotes":""},"categories":[6],"tags":[],"class_list":["post-53270","post","type-post","status-publish","format-standard","has-post-thumbnail","hentry","category-noticias"],"_links":{"self":[{"href":"https:\/\/www.sincomam.org.br\/index.php\/wp-json\/wp\/v2\/posts\/53270","targetHints":{"allow":["GET"]}}],"collection":[{"href":"https:\/\/www.sincomam.org.br\/index.php\/wp-json\/wp\/v2\/posts"}],"about":[{"href":"https:\/\/www.sincomam.org.br\/index.php\/wp-json\/wp\/v2\/types\/post"}],"author":[{"embeddable":true,"href":"https:\/\/www.sincomam.org.br\/index.php\/wp-json\/wp\/v2\/users\/1527"}],"replies":[{"embeddable":true,"href":"https:\/\/www.sincomam.org.br\/index.php\/wp-json\/wp\/v2\/comments?post=53270"}],"version-history":[{"count":1,"href":"https:\/\/www.sincomam.org.br\/index.php\/wp-json\/wp\/v2\/posts\/53270\/revisions"}],"predecessor-version":[{"id":53273,"href":"https:\/\/www.sincomam.org.br\/index.php\/wp-json\/wp\/v2\/posts\/53270\/revisions\/53273"}],"wp:featuredmedia":[{"embeddable":true,"href":"https:\/\/www.sincomam.org.br\/index.php\/wp-json\/wp\/v2\/media\/53272"}],"wp:attachment":[{"href":"https:\/\/www.sincomam.org.br\/index.php\/wp-json\/wp\/v2\/media?parent=53270"}],"wp:term":[{"taxonomy":"category","embeddable":true,"href":"https:\/\/www.sincomam.org.br\/index.php\/wp-json\/wp\/v2\/categories?post=53270"},{"taxonomy":"post_tag","embeddable":true,"href":"https:\/\/www.sincomam.org.br\/index.php\/wp-json\/wp\/v2\/tags?post=53270"}],"curies":[{"name":"wp","href":"https:\/\/api.w.org\/{rel}","templated":true}]}}