{"id":53266,"date":"2024-08-13T10:03:22","date_gmt":"2024-08-13T13:03:22","guid":{"rendered":"http:\/\/www.sincomam.org.br\/?p=53266"},"modified":"2024-08-13T10:03:22","modified_gmt":"2024-08-13T13:03:22","slug":"consumo-da-populacao-influencia-geracao-de-empregos-diz-ministro","status":"publish","type":"post","link":"https:\/\/www.sincomam.org.br\/index.php\/consumo-da-populacao-influencia-geracao-de-empregos-diz-ministro\/","title":{"rendered":"Consumo da popula\u00e7\u00e3o influencia gera\u00e7\u00e3o de empregos, diz ministro"},"content":{"rendered":"<p>O ministro do Trabalho e Emprego, Luiz Marinho, afirmou nesta segunda-feira (12), que a maior capacidade de consumo da popula\u00e7\u00e3o influencia\u00a0novas contrata\u00e7\u00f5es de funcion\u00e1rios por parte dos empres\u00e1rios. &#8220;Muita gente fala sobre como gerar empregos, mas n\u00e3o h\u00e1 milagre se o povo n\u00e3o tiver capacidade de consumo&#8221;, disse pela\u00a0manh\u00e3, em S\u00e3o Paulo, durante a abertura do Mutir\u00e3o de Emprego, iniciativa que oferece 20 mil vagas em diversas \u00e1reas.<img decoding=\"async\" src=\"https:\/\/agenciabrasil.ebc.com.br\/ebc.png?id=1607587&amp;o=node\" \/><img decoding=\"async\" src=\"https:\/\/agenciabrasil.ebc.com.br\/ebc.gif?id=1607587&amp;o=node\" \/><\/p>\n<p>Na abertura do evento, na sede do Sindicato dos Comerci\u00e1rios de S\u00e3o Paulo, o presidente da entidade\u00a0e da Uni\u00e3o Geral dos Trabalhadores (UGT), Ricardo Patah, disse que a iniciativa de oferecer mais de 20 mil vagas em diversas \u00e1reas e cursos profissionalizantes \u00e9 uma resposta direta ao desemprego. O\u00a0ministro Luiz Marinho enfatizou que a busca dos trabalhadores por melhores condi\u00e7\u00f5es de emprego \u00e9 um sinal positivo do aquecimento da economia.<\/p>\n<p>A baixa temperatura nas primeiras horas desta segunda-feira em S\u00e3o Paulo n\u00e3o foi impedimento para candidatos a um posto de trabalho, que formaram fila no local. Em junho, a capital paulista alcan\u00e7ou 4,89 milh\u00f5es de empregos formais, 3,52% acima do registrado em igual per\u00edodo do ano passado, de acordo com dados do Cadastro Geral de Empregados e Desempregados (Caged) do Minist\u00e9rio do Trabalho e Emprego.<\/p>\n<p>O Mutir\u00e3o de Emprego\u00a0\u00e9 uma iniciativa do governo federal e\u00a0da UGT, e re\u00fane sindicatos e empres\u00e1rios de diversas \u00e1reas. As ofertas de emprego s\u00e3o variadas e tamb\u00e9m s\u00e3o oferecidos cursos de forma\u00e7\u00e3o.<\/p>\n<h2>Oportunidade<\/h2>\n<p>Alinhadas aos Objetivos de Desenvolvimento Sustent\u00e1vel (ODS), da Organiza\u00e7\u00e3o das Na\u00e7\u00f5es Unidas (ONU) e do Minist\u00e9rio do Trabalho e Emprego, de aumentar a participa\u00e7\u00e3o feminina dentro das empresas, h\u00e1 iniciativas espec\u00edficas, como \u00e9 o caso de 20 bolsas de estudos em escola de forma\u00e7\u00e3o em vigilante patrimonial com extens\u00e3o para carro-forte de Norte a Sul do pa\u00eds, oferecidas \u00e0s mulheres pela Tecban. As inscri\u00e7\u00f5es v\u00e3o at\u00e9 20 de setembro.<\/p>\n<p>Fonte: Ag\u00eancia Brasil<\/p>\n","protected":false},"excerpt":{"rendered":"<p>O ministro do Trabalho e Emprego, Luiz Marinho, afirmou nesta segunda-feira (12), que a maior capacidade de consumo da popula\u00e7\u00e3o influencia\u00a0novas contrata\u00e7\u00f5es de funcion\u00e1rios por&#8230;<\/p>\n","protected":false},"author":1527,"featured_media":53268,"comment_status":"closed","ping_status":"closed","sticky":false,"template":"","format":"standard","meta":{"footnotes":""},"categories":[6],"tags":[],"class_list":["post-53266","post","type-post","status-publish","format-standard","has-post-thumbnail","hentry","category-noticias"],"_links":{"self":[{"href":"https:\/\/www.sincomam.org.br\/index.php\/wp-json\/wp\/v2\/posts\/53266","targetHints":{"allow":["GET"]}}],"collection":[{"href":"https:\/\/www.sincomam.org.br\/index.php\/wp-json\/wp\/v2\/posts"}],"about":[{"href":"https:\/\/www.sincomam.org.br\/index.php\/wp-json\/wp\/v2\/types\/post"}],"author":[{"embeddable":true,"href":"https:\/\/www.sincomam.org.br\/index.php\/wp-json\/wp\/v2\/users\/1527"}],"replies":[{"embeddable":true,"href":"https:\/\/www.sincomam.org.br\/index.php\/wp-json\/wp\/v2\/comments?post=53266"}],"version-history":[{"count":1,"href":"https:\/\/www.sincomam.org.br\/index.php\/wp-json\/wp\/v2\/posts\/53266\/revisions"}],"predecessor-version":[{"id":53269,"href":"https:\/\/www.sincomam.org.br\/index.php\/wp-json\/wp\/v2\/posts\/53266\/revisions\/53269"}],"wp:featuredmedia":[{"embeddable":true,"href":"https:\/\/www.sincomam.org.br\/index.php\/wp-json\/wp\/v2\/media\/53268"}],"wp:attachment":[{"href":"https:\/\/www.sincomam.org.br\/index.php\/wp-json\/wp\/v2\/media?parent=53266"}],"wp:term":[{"taxonomy":"category","embeddable":true,"href":"https:\/\/www.sincomam.org.br\/index.php\/wp-json\/wp\/v2\/categories?post=53266"},{"taxonomy":"post_tag","embeddable":true,"href":"https:\/\/www.sincomam.org.br\/index.php\/wp-json\/wp\/v2\/tags?post=53266"}],"curies":[{"name":"wp","href":"https:\/\/api.w.org\/{rel}","templated":true}]}}