{"id":53262,"date":"2024-08-13T09:58:51","date_gmt":"2024-08-13T12:58:51","guid":{"rendered":"http:\/\/www.sincomam.org.br\/?p=53262"},"modified":"2024-08-13T09:58:51","modified_gmt":"2024-08-13T12:58:51","slug":"o-farol-das-tartarugas-marinha-e-projeto-tamar-juntos-na-protecao-e-preservacao-de-vidas-no-mar","status":"publish","type":"post","link":"https:\/\/www.sincomam.org.br\/index.php\/o-farol-das-tartarugas-marinha-e-projeto-tamar-juntos-na-protecao-e-preservacao-de-vidas-no-mar\/","title":{"rendered":"O farol das tartarugas: Marinha e Projeto Tamar juntos na prote\u00e7\u00e3o e preserva\u00e7\u00e3o de vidas no mar"},"content":{"rendered":"<p class=\"text-align-justify\">Cerca de 500 mil pessoas visitam, anualmente, o Centro de Visitantes da Funda\u00e7\u00e3o Centro Brasileiro de Prote\u00e7\u00e3o e Pesquisa das Tartarugas Marinhas (Funda\u00e7\u00e3o Projeto Tamar), localizado no entorno do Farol Garcia D\u2019\u00c1vila, na Praia do Forte, no munic\u00edpio de Mata de S\u00e3o Jo\u00e3o, na Bahia. O local, cedido pela Marinha do Brasil (MB) por meio de Acordo de Coopera\u00e7\u00e3o, \u00e9 o mais visitado entre os seis existentes no Pa\u00eds e recebe uma variedade de visitantes, especialmente turistas, estudantes e pesquisadores que desejam conhecer o projeto cuja miss\u00e3o \u00e9 promover a recupera\u00e7\u00e3o e prote\u00e7\u00e3o de tartarugas marinhas.<\/p>\n<p class=\"text-align-justify\">A parceria entre a MB e a funda\u00e7\u00e3o existe h\u00e1 mais de 40 anos. A Marinha ocupa a \u00e1rea desde 1981 e, em 1983, firmou o primeiro acordo com a funda\u00e7\u00e3o que visava implantar o projeto de preserva\u00e7\u00e3o das tartarugas marinhas, por meio da cess\u00e3o de uso do espa\u00e7o e instala\u00e7\u00f5es existentes. Desde ent\u00e3o, a \u00e1rea permanece cedida \u00e0 Funda\u00e7\u00e3o Projeto Tamar. O nome \u201cTamar\u201d \u00e9 uma abrevia\u00e7\u00e3o da express\u00e3o TArtaruga MARinha.<\/p>\n<p class=\"text-align-justify\">\u201cO local \u00e9 um dos pontos do litoral brasileiro de desova de tartarugas marinhas, animal que nasce em um determinado ponto do globo terrestre e retorna especificamente ao mesmo ponto, em sua fase adulta, para desova e rein\u00edcio do ciclo de vida.\u201d, explica o fundador e Diretor de Rela\u00e7\u00f5es Institucionais da Funda\u00e7\u00e3o Projeto Tamar, Guy Marcovaldi.<\/p>\n<p class=\"text-align-justify\">Na \u00faltima sexta-feira, dia 9 de agosto, as duas partes envolvidas realizaram a cerim\u00f4nia de renova\u00e7\u00e3o do Acordo de Coopera\u00e7\u00e3o do Farol Garcia d\u2019\u00c1vila, entre a Marinha e a Funda\u00e7\u00e3o Projeto Tamar, com dura\u00e7\u00e3o de cinco anos. \u00a0\u201cO acordo tem por objeto a preserva\u00e7\u00e3o ambiental e da vida marinha, especialmente da tartaruga marinha, com compartilhamento do bem im\u00f3vel do Farol Garcia d&#8217;\u00c1vila e contrapartida em bens e servi\u00e7os ao Servi\u00e7o de Sinaliza\u00e7\u00e3o N\u00e1utica do Leste (SSN-2), organiza\u00e7\u00e3o militar respons\u00e1vel por operar e manter os sinais de aux\u00edlio \u00e0 navega\u00e7\u00e3o sob responsabilidade da MB na \u00c1rea de Jurisdi\u00e7\u00e3o do Comando do 2\u2060\u00ba Distrito Naval, que abrange os Estados da Bahia e de Sergipe\u201d, ressalta o Encarregado do SSN-2, Capit\u00e3o de Fragata Douglas Luiz da Silva Pereira.<\/p>\n<p class=\"text-align-justify\">O Comandante do 2\u2060\u00ba Distrito Naval, Vice-Almirante Antonio Carlos Cambra, ressaltou o orgulho que os militares da Marinha do Brasil t\u00eam dessa parceria com uma institui\u00e7\u00e3o t\u00e3o importante e reconhecida e citou que tanto o Farol quanto o Projeto Tamar salvam vidas.<\/p>\n<p class=\"text-align-justify\">\u201cO Farol Garcia d\u2019\u00c1vila, com seus sinais n\u00e1uticos que podem ser vistos a quil\u00f4metros de dist\u00e2ncia, \u00e9 um importante farol operado pela Marinha do Brasil, que atua na seguran\u00e7a da navega\u00e7\u00e3o na regi\u00e3o. Por outro lado, o Projeto Tamar tamb\u00e9m salva milhares de tartarugas marinhas. Desta forma, temos duas institui\u00e7\u00f5es que atuam, de maneiras diferentes, na preserva\u00e7\u00e3o de vidas no mar, o que nos enche de orgulho\u201d.<\/p>\n<p class=\"text-align-justify\">Guy Marcovaldi lembrou que a utiliza\u00e7\u00e3o do terreno no tombo da Marinha possibilitou ao projeto se transformar no que \u00e9 hoje, permitindo, assim, a recupera\u00e7\u00e3o consistente das tartarugas marinhas no Brasil e o reconhecimento do trabalho por parte da comunidade cient\u00edfica internacional.<\/p>\n<p class=\"text-align-justify\">\u201cTrabalhos de campo iniciados anda na d\u00e9cada de 1980 comprovaram que, de fato, est\u00e1vamos numa important\u00edssima \u00e1rea de desova. Com a interrup\u00e7\u00e3o da ca\u00e7a das f\u00eameas matrizes, iniciou-se o ciclo de recupera\u00e7\u00e3o da popula\u00e7\u00e3o local. O importante e estrat\u00e9gico terreno, acompanhado da permiss\u00e3o do uso por parte da Marinha, aliado ao apoio do turismo que chegava com for\u00e7a, permitiu ampliarmos a preserva\u00e7\u00e3o das tartarugas marinhas, trabalho hoje reconhecido internacionalmente\u201d.<\/p>\n<h5 class=\"text-align-justify\">Farol Garcia d\u00b4\u00c1vila<\/h5>\n<p class=\"text-align-justify\">Em 1916, a Praia do Forte, hoje repleta de turistas, era deserta. A \u00fanica constru\u00e7\u00e3o not\u00e1vel era um castelo em estilo medieval, erguido em 1551 por Garcia d&#8217;\u00c1vila, almoxarife de fazenda da expedi\u00e7\u00e3o de Tom\u00e9 de Souza, primeiro Governador-Geral do Brasil. Durante s\u00e9culos, essa constru\u00e7\u00e3o serviu como refer\u00eancia para os navegantes, pois uma fogueira era acesa \u00e0 noite em sua torre.<\/p>\n<p class=\"text-align-justify\">Isso at\u00e9 o Farol Garcia d\u2019\u00c1vila ser erguido junto \u00e0 praia. No entanto, muito pouco ficou registrado sobre a sua hist\u00f3ria, j\u00e1 que grande parte da documenta\u00e7\u00e3o desapareceu no naufr\u00e1gio do Navio-Balizador \u201cFaroleiro Wanderley\u201d, em Cumuruxatiba, no litoral da Bahia. Em 1971, foi inaugurada a atual torre de concreto, na \u00e1rea onde se desenvolvem atividades voltadas \u00e0 preserva\u00e7\u00e3o de tartarugas marinhas.<\/p>\n<p>Por ter a dupla fun\u00e7\u00e3o de servir de orienta\u00e7\u00e3o aos navegantes e ser sede do Projeto Tamar, muitos dizem que, apesar de n\u00e3o ser t\u00e3o famoso quanto o Farol da Barra nem t\u00e3o cantado quanto o de Itapu\u00e3, ele \u00e9 o Farol do Brasil que mais ajudou a salvar vidas no Brasil.<\/p>\n<p>Fonte: Ag\u00eancia Marinha de Not\u00edcias<\/p>\n","protected":false},"excerpt":{"rendered":"<p>Cerca de 500 mil pessoas visitam, anualmente, o Centro de Visitantes da Funda\u00e7\u00e3o Centro Brasileiro de Prote\u00e7\u00e3o e Pesquisa das Tartarugas Marinhas (Funda\u00e7\u00e3o Projeto Tamar),&#8230;<\/p>\n","protected":false},"author":1527,"featured_media":53264,"comment_status":"closed","ping_status":"closed","sticky":false,"template":"","format":"standard","meta":{"footnotes":""},"categories":[6],"tags":[],"class_list":["post-53262","post","type-post","status-publish","format-standard","has-post-thumbnail","hentry","category-noticias"],"_links":{"self":[{"href":"https:\/\/www.sincomam.org.br\/index.php\/wp-json\/wp\/v2\/posts\/53262","targetHints":{"allow":["GET"]}}],"collection":[{"href":"https:\/\/www.sincomam.org.br\/index.php\/wp-json\/wp\/v2\/posts"}],"about":[{"href":"https:\/\/www.sincomam.org.br\/index.php\/wp-json\/wp\/v2\/types\/post"}],"author":[{"embeddable":true,"href":"https:\/\/www.sincomam.org.br\/index.php\/wp-json\/wp\/v2\/users\/1527"}],"replies":[{"embeddable":true,"href":"https:\/\/www.sincomam.org.br\/index.php\/wp-json\/wp\/v2\/comments?post=53262"}],"version-history":[{"count":1,"href":"https:\/\/www.sincomam.org.br\/index.php\/wp-json\/wp\/v2\/posts\/53262\/revisions"}],"predecessor-version":[{"id":53265,"href":"https:\/\/www.sincomam.org.br\/index.php\/wp-json\/wp\/v2\/posts\/53262\/revisions\/53265"}],"wp:featuredmedia":[{"embeddable":true,"href":"https:\/\/www.sincomam.org.br\/index.php\/wp-json\/wp\/v2\/media\/53264"}],"wp:attachment":[{"href":"https:\/\/www.sincomam.org.br\/index.php\/wp-json\/wp\/v2\/media?parent=53262"}],"wp:term":[{"taxonomy":"category","embeddable":true,"href":"https:\/\/www.sincomam.org.br\/index.php\/wp-json\/wp\/v2\/categories?post=53262"},{"taxonomy":"post_tag","embeddable":true,"href":"https:\/\/www.sincomam.org.br\/index.php\/wp-json\/wp\/v2\/tags?post=53262"}],"curies":[{"name":"wp","href":"https:\/\/api.w.org\/{rel}","templated":true}]}}