{"id":53250,"date":"2024-08-13T09:31:00","date_gmt":"2024-08-13T12:31:00","guid":{"rendered":"http:\/\/www.sincomam.org.br\/?p=53250"},"modified":"2024-08-13T09:31:00","modified_gmt":"2024-08-13T12:31:00","slug":"norcoast-apresenta-solucao-para-diminuir-os-impactos-da-seca-no-amazonas","status":"publish","type":"post","link":"https:\/\/www.sincomam.org.br\/index.php\/norcoast-apresenta-solucao-para-diminuir-os-impactos-da-seca-no-amazonas\/","title":{"rendered":"Norcoast apresenta solu\u00e7\u00e3o para diminuir os impactos da seca no Amazonas"},"content":{"rendered":"<p>A Norcoast, empresa de navega\u00e7\u00e3o costeira, anunciou uma opera\u00e7\u00e3o focada no transbordo de cont\u00eaineres para diminuir os impactos esperados da seca no Amazonas. A iniciativa envolve a instala\u00e7\u00e3o de um p\u00eder flutuante de 240 metros de comprimento e 24 metros de largura na regi\u00e3o de Itacoatiara. A opera\u00e7\u00e3o, prevista para iniciar em setembro, pode come\u00e7ar antes, dependendo do n\u00edvel do rio e dos resultados da dragagem realizada pelo governo.<\/p>\n<p>O p\u00eder ser\u00e1 posicionado antes dos pontos cr\u00edticos do rio Amazonas, como Tabocal e Enseada do Rio Madeira, que costumam ter baixa profundidade durante a estiagem, impedindo a passagem de navios. De acordo com Ricardo Nuno, Diretor de Opera\u00e7\u00f5es da Norcoast, os cont\u00eaineres ser\u00e3o transferidos para balsas, que poder\u00e3o continuar a navega\u00e7\u00e3o at\u00e9 Manaus.<\/p>\n<p>A opera\u00e7\u00e3o t\u00e9cnica envolver\u00e1 o atracamento dos navios da Norcoast no p\u00eder flutuante, enquanto as balsas ancorar\u00e3o ao lado. Tr\u00eas guindastes, com bra\u00e7os de 64 metros, ser\u00e3o usados para mover os cont\u00eaineres dos navios para as balsas, garantindo a continuidade do fluxo log\u00edstico.<\/p>\n<div id=\"beacon_89bf254bf8\"><\/div>\n<p>A seca no Amazonas, prevista para ser mais severa este ano, traz preocupa\u00e7\u00f5es sobre o abastecimento, especialmente em um per\u00edodo de alta demanda devido \u00e0s vendas de fim de ano. Em 2023, a Regi\u00e3o Hidrogr\u00e1fica Amaz\u00f4nica transportou mais de 71 milh\u00f5es de toneladas de cargas, com o Rio Amazonas sendo a principal via, movimentando mais de 34 milh\u00f5es de toneladas.<\/p>\n<p>Fonte: Portos e Navios<\/p>\n","protected":false},"excerpt":{"rendered":"<p>A Norcoast, empresa de navega\u00e7\u00e3o costeira, anunciou uma opera\u00e7\u00e3o focada no transbordo de cont\u00eaineres para diminuir os impactos esperados da seca no Amazonas. A iniciativa&#8230;<\/p>\n","protected":false},"author":1527,"featured_media":53252,"comment_status":"closed","ping_status":"closed","sticky":false,"template":"","format":"standard","meta":{"footnotes":""},"categories":[6],"tags":[],"class_list":["post-53250","post","type-post","status-publish","format-standard","has-post-thumbnail","hentry","category-noticias"],"_links":{"self":[{"href":"https:\/\/www.sincomam.org.br\/index.php\/wp-json\/wp\/v2\/posts\/53250","targetHints":{"allow":["GET"]}}],"collection":[{"href":"https:\/\/www.sincomam.org.br\/index.php\/wp-json\/wp\/v2\/posts"}],"about":[{"href":"https:\/\/www.sincomam.org.br\/index.php\/wp-json\/wp\/v2\/types\/post"}],"author":[{"embeddable":true,"href":"https:\/\/www.sincomam.org.br\/index.php\/wp-json\/wp\/v2\/users\/1527"}],"replies":[{"embeddable":true,"href":"https:\/\/www.sincomam.org.br\/index.php\/wp-json\/wp\/v2\/comments?post=53250"}],"version-history":[{"count":1,"href":"https:\/\/www.sincomam.org.br\/index.php\/wp-json\/wp\/v2\/posts\/53250\/revisions"}],"predecessor-version":[{"id":53253,"href":"https:\/\/www.sincomam.org.br\/index.php\/wp-json\/wp\/v2\/posts\/53250\/revisions\/53253"}],"wp:featuredmedia":[{"embeddable":true,"href":"https:\/\/www.sincomam.org.br\/index.php\/wp-json\/wp\/v2\/media\/53252"}],"wp:attachment":[{"href":"https:\/\/www.sincomam.org.br\/index.php\/wp-json\/wp\/v2\/media?parent=53250"}],"wp:term":[{"taxonomy":"category","embeddable":true,"href":"https:\/\/www.sincomam.org.br\/index.php\/wp-json\/wp\/v2\/categories?post=53250"},{"taxonomy":"post_tag","embeddable":true,"href":"https:\/\/www.sincomam.org.br\/index.php\/wp-json\/wp\/v2\/tags?post=53250"}],"curies":[{"name":"wp","href":"https:\/\/api.w.org\/{rel}","templated":true}]}}