{"id":5325,"date":"2014-05-07T08:32:00","date_gmt":"2014-05-07T11:32:00","guid":{"rendered":"http:\/\/www.sincomam.org.br\/?p=5325"},"modified":"2014-05-07T00:40:26","modified_gmt":"2014-05-07T03:40:26","slug":"marinha-colombiana-resgata-130-que-estavam-em-barco-a-deriva-no-pacifico","status":"publish","type":"post","link":"https:\/\/www.sincomam.org.br\/index.php\/marinha-colombiana-resgata-130-que-estavam-em-barco-a-deriva-no-pacifico\/","title":{"rendered":"Marinha colombiana resgata 130 que estavam em barco \u00e0 deriva no Pac\u00edfico"},"content":{"rendered":"<p><strong><em>Barco &#8216;Frank Luis&#8217; sofreu problema mec\u00e2nico na fronteira com Equador. Entre as pessoas resgatadas est\u00e3o 31 adolescentes<\/em><\/strong><\/p>\n<p>A Marinha da Col\u00f4mbia resgatou 130 pessoas que estavam \u00e0 deriva num barco nas \u00e1guas do Oceano Pac\u00edfico, entre elas 31 menores de idade, depois que a embarca\u00e7\u00e3o na qual viajavam sofreu falhas mec\u00e2nicas, informaram nesta segunda-feira (5) fontes oficiais.<\/p>\n<p>O barco &#8220;Frank Luis&#8221; sofreu um problema no domingo (4) quando navegava entre as localidades de Satinga, no departamento (estado) de Nari\u00f1o, que faz fronteira com o Equador, e o porto de Buenaventura, no Valle del Cauca, acrescentou um relat\u00f3rio da Marinha.<\/p>\n<p>A embarca\u00e7\u00e3o ficou \u00e0 deriva na \u00e1rea da ilha Gorgona, acrescentou o comunicado, que tamb\u00e9m relatou que o navio tinha sa\u00eddo no domingo do porto de Satinga e, horas depois, ficou \u00e0 deriva por falhas mec\u00e2nicas.<\/p>\n<p>Depois de receber um pedido de socorro, o Comando da Guarda Costeira do Pac\u00edfico enviou suas unidades de rea\u00e7\u00e3o r\u00e1pida e iniciou a opera\u00e7\u00e3o de busca e resgate que terminou na noite do domingo, ap\u00f3s localizar a embarca\u00e7\u00e3o a 15 milhas n\u00e1uticas ao norte da ilha Gorgona.<\/p>\n<p>Um navio da Marinha rebocou o Frank Luis at\u00e9 as \u00e1guas protegidas da ilha Gorgona, onde o barco p\u00f4de ser ancorado com seguran\u00e7a.<\/p>\n<p>Depois de oferecer os primeiros socorros aos passageiros, o navio da Marinha transferiu 96 pessoas at\u00e9 a Esta\u00e7\u00e3o da Guarda Costeira de Buenaventura, enquanto a tripula\u00e7\u00e3o, outros passageiros e o Frank Luis foram levados at\u00e9 essa mesma cidade pela empresa propriet\u00e1ria.<\/p>\n<p>Fonte: G1 \/ EFE<\/p>\n","protected":false},"excerpt":{"rendered":"<p>Barco &#8216;Frank Luis&#8217; sofreu problema mec\u00e2nico na fronteira com Equador. Entre as pessoas resgatadas est\u00e3o 31 adolescentes A Marinha da Col\u00f4mbia resgatou 130 pessoas que&#8230;<\/p>\n","protected":false},"author":1182,"featured_media":3329,"comment_status":"closed","ping_status":"closed","sticky":false,"template":"","format":"standard","meta":{"footnotes":""},"categories":[6],"tags":[1111,934,1112,15,1110],"class_list":["post-5325","post","type-post","status-publish","format-standard","has-post-thumbnail","hentry","category-noticias","tag-adolescentes","tag-barco","tag-colombia","tag-marinha","tag-regate"],"_links":{"self":[{"href":"https:\/\/www.sincomam.org.br\/index.php\/wp-json\/wp\/v2\/posts\/5325","targetHints":{"allow":["GET"]}}],"collection":[{"href":"https:\/\/www.sincomam.org.br\/index.php\/wp-json\/wp\/v2\/posts"}],"about":[{"href":"https:\/\/www.sincomam.org.br\/index.php\/wp-json\/wp\/v2\/types\/post"}],"author":[{"embeddable":true,"href":"https:\/\/www.sincomam.org.br\/index.php\/wp-json\/wp\/v2\/users\/1182"}],"replies":[{"embeddable":true,"href":"https:\/\/www.sincomam.org.br\/index.php\/wp-json\/wp\/v2\/comments?post=5325"}],"version-history":[{"count":2,"href":"https:\/\/www.sincomam.org.br\/index.php\/wp-json\/wp\/v2\/posts\/5325\/revisions"}],"predecessor-version":[{"id":5327,"href":"https:\/\/www.sincomam.org.br\/index.php\/wp-json\/wp\/v2\/posts\/5325\/revisions\/5327"}],"wp:featuredmedia":[{"embeddable":true,"href":"https:\/\/www.sincomam.org.br\/index.php\/wp-json\/wp\/v2\/media\/3329"}],"wp:attachment":[{"href":"https:\/\/www.sincomam.org.br\/index.php\/wp-json\/wp\/v2\/media?parent=5325"}],"wp:term":[{"taxonomy":"category","embeddable":true,"href":"https:\/\/www.sincomam.org.br\/index.php\/wp-json\/wp\/v2\/categories?post=5325"},{"taxonomy":"post_tag","embeddable":true,"href":"https:\/\/www.sincomam.org.br\/index.php\/wp-json\/wp\/v2\/tags?post=5325"}],"curies":[{"name":"wp","href":"https:\/\/api.w.org\/{rel}","templated":true}]}}