{"id":53220,"date":"2024-08-12T06:17:18","date_gmt":"2024-08-12T09:17:18","guid":{"rendered":"http:\/\/www.sincomam.org.br\/?p=53220"},"modified":"2024-08-12T06:17:18","modified_gmt":"2024-08-12T09:17:18","slug":"comissao-de-meio-ambiente-do-senado-debate-meio-ambiente-da-hidrovia-araguaia-tocantins-na-quarta-feira","status":"publish","type":"post","link":"https:\/\/www.sincomam.org.br\/index.php\/comissao-de-meio-ambiente-do-senado-debate-meio-ambiente-da-hidrovia-araguaia-tocantins-na-quarta-feira\/","title":{"rendered":"Comiss\u00e3o de Meio Ambiente do Senado debate meio ambiente da hidrovia Araguaia-Tocantins na quarta-feira"},"content":{"rendered":"<p>A promo\u00e7\u00e3o de uma audi\u00eancia p\u00fablica para discutir os impactos socioambientais da Hidrovia Araguaia-Tocantins est\u00e1 na pauta da Comiss\u00e3o de Meio Ambiente (CMA) do Senado na quarta-feira (14), a partir das 9h.<\/p>\n<p>O requerimento que prop\u00f5e o debate (REQ 36\/2024 &#8211; CMA) foi apresentado pelo senador Jorge Kajuru (PSB-GO). Ele argumenta que uma licen\u00e7a pr\u00e9via parcial foi concedida pelo Instituto Brasileiro do Meio Ambiente (Ibama) e que o licenciamento da obra est\u00e1 sendo feito de forma &#8220;fatiada&#8221;, sem considerar o impacto ambiental total da hidrovia ao longo dos mais de 2 mil quil\u00f4metros do Rio Araguaia.<\/p>\n<p>\u201cA fragmenta\u00e7\u00e3o do licenciamento impede a compreens\u00e3o dos impactos ambientais e sociais do projeto, afetando negativamente a biodiversidade e as comunidades ribeirinhas. \u00c9 crucial garantir transpar\u00eancia e participa\u00e7\u00e3o popular no processo decis\u00f3rio, assegurando que o licenciamento obede\u00e7a \u00e0 Constitui\u00e7\u00e3o e \u00e0s leis ambientais, para que o projeto n\u00e3o cause danos irrepar\u00e1veis ao meio ambiente e \u00e0s popula\u00e7\u00f5es dependentes do Rio Araguaia\u201d, afirma, ressaltando que o rio\u00a0\u00e9 um patrim\u00f4nio natural essencial para o turismo, a pesca e a agricultura, e sustenta diversas comunidades locais.<\/p>\n<div id=\"beacon_f394690e91\"><\/div>\n<p>A hidrovia visa facilitar o escoamento de gr\u00e3os do Centro-Oeste ao Porto de Vila do Conde, no Par\u00e1.<\/p>\n<p>Fonte: Portos e Navios<\/p>\n","protected":false},"excerpt":{"rendered":"<p>A promo\u00e7\u00e3o de uma audi\u00eancia p\u00fablica para discutir os impactos socioambientais da Hidrovia Araguaia-Tocantins est\u00e1 na pauta da Comiss\u00e3o de Meio Ambiente (CMA) do Senado&#8230;<\/p>\n","protected":false},"author":1527,"featured_media":53222,"comment_status":"closed","ping_status":"closed","sticky":false,"template":"","format":"standard","meta":{"footnotes":""},"categories":[6],"tags":[],"class_list":["post-53220","post","type-post","status-publish","format-standard","has-post-thumbnail","hentry","category-noticias"],"_links":{"self":[{"href":"https:\/\/www.sincomam.org.br\/index.php\/wp-json\/wp\/v2\/posts\/53220","targetHints":{"allow":["GET"]}}],"collection":[{"href":"https:\/\/www.sincomam.org.br\/index.php\/wp-json\/wp\/v2\/posts"}],"about":[{"href":"https:\/\/www.sincomam.org.br\/index.php\/wp-json\/wp\/v2\/types\/post"}],"author":[{"embeddable":true,"href":"https:\/\/www.sincomam.org.br\/index.php\/wp-json\/wp\/v2\/users\/1527"}],"replies":[{"embeddable":true,"href":"https:\/\/www.sincomam.org.br\/index.php\/wp-json\/wp\/v2\/comments?post=53220"}],"version-history":[{"count":1,"href":"https:\/\/www.sincomam.org.br\/index.php\/wp-json\/wp\/v2\/posts\/53220\/revisions"}],"predecessor-version":[{"id":53223,"href":"https:\/\/www.sincomam.org.br\/index.php\/wp-json\/wp\/v2\/posts\/53220\/revisions\/53223"}],"wp:featuredmedia":[{"embeddable":true,"href":"https:\/\/www.sincomam.org.br\/index.php\/wp-json\/wp\/v2\/media\/53222"}],"wp:attachment":[{"href":"https:\/\/www.sincomam.org.br\/index.php\/wp-json\/wp\/v2\/media?parent=53220"}],"wp:term":[{"taxonomy":"category","embeddable":true,"href":"https:\/\/www.sincomam.org.br\/index.php\/wp-json\/wp\/v2\/categories?post=53220"},{"taxonomy":"post_tag","embeddable":true,"href":"https:\/\/www.sincomam.org.br\/index.php\/wp-json\/wp\/v2\/tags?post=53220"}],"curies":[{"name":"wp","href":"https:\/\/api.w.org\/{rel}","templated":true}]}}