{"id":53183,"date":"2024-08-08T10:33:24","date_gmt":"2024-08-08T13:33:24","guid":{"rendered":"http:\/\/www.sincomam.org.br\/?p=53183"},"modified":"2024-08-08T10:33:24","modified_gmt":"2024-08-08T13:33:24","slug":"stf-marca-julgamento-para-decidir-se-mantem-suspensao-da-desoneracao","status":"publish","type":"post","link":"https:\/\/www.sincomam.org.br\/index.php\/stf-marca-julgamento-para-decidir-se-mantem-suspensao-da-desoneracao\/","title":{"rendered":"STF marca julgamento para decidir se mant\u00e9m suspens\u00e3o da desonera\u00e7\u00e3o"},"content":{"rendered":"<p>O Supremo Tribunal Federal (STF) marcou o julgamento da liminar do ministro Edson Fachin que prorrogou at\u00e9 11 de setembro a suspens\u00e3o do processo que trata desonera\u00e7\u00e3o de impostos sobre a folha de pagamento de 17 setores da economia e de determinados munic\u00edpios at\u00e9 2027. A sess\u00e3o virtual ser\u00e1 no dia 16 de agosto.<img decoding=\"async\" src=\"https:\/\/agenciabrasil.ebc.com.br\/ebc.png?id=1606946&amp;o=node\" \/><img decoding=\"async\" src=\"https:\/\/agenciabrasil.ebc.com.br\/ebc.gif?id=1606946&amp;o=node\" \/><\/p>\n<p>O pedido de prorroga\u00e7\u00e3o foi feito no m\u00eas passado pelo Senado e a Advocacia-Geral da Uni\u00e3o (AGU), que pretendem utilizar o prazo para encerrar as negocia\u00e7\u00f5es entre o governo federal e parlamentares para um acordo envolvendo a compensa\u00e7\u00e3o financeira da Uni\u00e3o pela desonera\u00e7\u00e3o dos setores.<\/p>\n<p>Fachin proferiu a decis\u00e3o na condi\u00e7\u00e3o de vice-presidente da Corte. Devido ao recesso de julho, coube ao presidente em exerc\u00edcio decidir a quest\u00e3o.<\/p>\n<p>Fachin entendeu que o governo e os parlamentares devem ter o tempo necess\u00e1rio para a constru\u00e7\u00e3o do acordo.<\/p>\n<p>&#8220;Est\u00e1 comprovado nos autos o esfor\u00e7o efetivo dos poderes Executivo e Legislativo federal, assim como dos diversos grupos da sociedade civil para a resolu\u00e7\u00e3o da quest\u00e3o. Portanto, cabe a jurisdi\u00e7\u00e3o constitucional fomentar tais espa\u00e7os e a constru\u00e7\u00e3o pol\u00edtica de tais solu\u00e7\u00f5es&#8221;, justificou o ministro.<\/p>\n<p>A primeira prorroga\u00e7\u00e3o de prazo foi aceita no dia 25 de abril pelo ministro Cristiano Zanin, relator do processo, que concedeu liminar para suspender a desonera\u00e7\u00e3o de impostos sobre a folha de pagamento. O ministro entendeu que a aprova\u00e7\u00e3o da desonera\u00e7\u00e3o pelo Congresso n\u00e3o indicou o impacto financeiro nas contas p\u00fablicas.<\/p>\n<p>No m\u00eas seguinte, Zanin acatou pedido da AGU e suspendeu a desonera\u00e7\u00e3o novamente por 60 dias para permitir que o Congresso e o governo cheguem ao acordo de compensa\u00e7\u00e3o.<\/p>\n<p>Fonte: Ag\u00eancia Brasil<\/p>\n","protected":false},"excerpt":{"rendered":"<p>O Supremo Tribunal Federal (STF) marcou o julgamento da liminar do ministro Edson Fachin que prorrogou at\u00e9 11 de setembro a suspens\u00e3o do processo que&#8230;<\/p>\n","protected":false},"author":1527,"featured_media":53185,"comment_status":"closed","ping_status":"closed","sticky":false,"template":"","format":"standard","meta":{"footnotes":""},"categories":[6],"tags":[],"class_list":["post-53183","post","type-post","status-publish","format-standard","has-post-thumbnail","hentry","category-noticias"],"_links":{"self":[{"href":"https:\/\/www.sincomam.org.br\/index.php\/wp-json\/wp\/v2\/posts\/53183","targetHints":{"allow":["GET"]}}],"collection":[{"href":"https:\/\/www.sincomam.org.br\/index.php\/wp-json\/wp\/v2\/posts"}],"about":[{"href":"https:\/\/www.sincomam.org.br\/index.php\/wp-json\/wp\/v2\/types\/post"}],"author":[{"embeddable":true,"href":"https:\/\/www.sincomam.org.br\/index.php\/wp-json\/wp\/v2\/users\/1527"}],"replies":[{"embeddable":true,"href":"https:\/\/www.sincomam.org.br\/index.php\/wp-json\/wp\/v2\/comments?post=53183"}],"version-history":[{"count":1,"href":"https:\/\/www.sincomam.org.br\/index.php\/wp-json\/wp\/v2\/posts\/53183\/revisions"}],"predecessor-version":[{"id":53186,"href":"https:\/\/www.sincomam.org.br\/index.php\/wp-json\/wp\/v2\/posts\/53183\/revisions\/53186"}],"wp:featuredmedia":[{"embeddable":true,"href":"https:\/\/www.sincomam.org.br\/index.php\/wp-json\/wp\/v2\/media\/53185"}],"wp:attachment":[{"href":"https:\/\/www.sincomam.org.br\/index.php\/wp-json\/wp\/v2\/media?parent=53183"}],"wp:term":[{"taxonomy":"category","embeddable":true,"href":"https:\/\/www.sincomam.org.br\/index.php\/wp-json\/wp\/v2\/categories?post=53183"},{"taxonomy":"post_tag","embeddable":true,"href":"https:\/\/www.sincomam.org.br\/index.php\/wp-json\/wp\/v2\/tags?post=53183"}],"curies":[{"name":"wp","href":"https:\/\/api.w.org\/{rel}","templated":true}]}}