{"id":53175,"date":"2024-08-08T10:31:05","date_gmt":"2024-08-08T13:31:05","guid":{"rendered":"http:\/\/www.sincomam.org.br\/?p=53175"},"modified":"2024-08-08T10:31:05","modified_gmt":"2024-08-08T13:31:05","slug":"ministerio-de-portos-e-aeroportos-premia-os-complexos-portuarios-que-se-destacaram-em-gestao-e-movimentacao-de-cargas","status":"publish","type":"post","link":"https:\/\/www.sincomam.org.br\/index.php\/ministerio-de-portos-e-aeroportos-premia-os-complexos-portuarios-que-se-destacaram-em-gestao-e-movimentacao-de-cargas\/","title":{"rendered":"Minist\u00e9rio de Portos e Aeroportos premia os complexos portu\u00e1rios que se destacaram em gest\u00e3o e movimenta\u00e7\u00e3o de cargas"},"content":{"rendered":"<p>O Pr\u00eamio Portos + Brasil anunciou, na noite desta ter\u00e7a-feira (7), os vencedores das principais categorias da 5\u00aa edi\u00e7\u00e3o da premia\u00e7\u00e3o, com destaque para movimenta\u00e7\u00e3o, resultados financeiros e boa gest\u00e3o. Promovido pelo Minist\u00e9rio de Portos e Aeroportos (MPor), a premia\u00e7\u00e3o tem o objetivo de reconhecer os avan\u00e7os conquistados pelos complexos p\u00fablicos e Terminais de Uso Privado (TUPs) brasileiros. Al\u00e9m de autoridades do modal portu\u00e1rio e setor produtivo, o evento reuniu trabalhadores e representantes dos complexos espalhados por todo o pa\u00eds.<\/p>\n<p>Neste ano, a categoria Igualdade de G\u00eanero, em que foram premiados os portos com maior participa\u00e7\u00e3o de mulheres em seu quadro de colaboradores e em cargos de gest\u00e3o executiva, se juntou a outros nove grupos. A nova categoria inserida nesta edi\u00e7\u00e3o est\u00e1 alinhada com a Agenda 2030 e, em especial, com o Objetivo de Desenvolvimento Sustent\u00e1vel 5 \u2013 Igualdade de G\u00eanero.<\/p>\n<p>Presente na cerim\u00f4nia de premia\u00e7\u00e3o, o ministro de Portos e Aeroportos, Silvio Costa Filho, ressaltou a import\u00e2ncia do modal para garantir o sustento das fam\u00edlias brasileiras e gera\u00e7\u00e3o de emprego e renda. \u201cEstou muito animado e apaixonado por esse setor. A gente tem muitas perspectivas de crescimento nos pr\u00f3ximos tr\u00eas anos, principalmente na gera\u00e7\u00e3o de emprego e renda e na movimenta\u00e7\u00e3o da nossa economia. Sem d\u00favida alguma, o Brasil tende a ampliar ainda mais a sua capacidade portu\u00e1ria, impulsionando o mercado mundial\u201d, afirmou.<\/p>\n<p><strong>Premia\u00e7\u00e3o<\/strong><\/p>\n<p>O Portos + Brasil \u00e9 uma pol\u00edtica de estado para estimular os portos a se modernizarem. A escolha das categorias \u00e9 feita para refletir uma pol\u00edtica p\u00fablica positiva, que se atualiza e se combina com as tend\u00eancias do tempo atual. O pr\u00eamio tamb\u00e9m contribui para a cria\u00e7\u00e3o de um banco de dados hist\u00f3rico do setor portu\u00e1rio do pa\u00eds.<\/p>\n<p>Todos os anos, os portos brasileiros s\u00e3o qualificados em nove categorias. O pr\u00eamio \u00e9 entregue aos tr\u00eas primeiros lugares de cada uma delas. O principal pr\u00eamio \u00e9 o Ranking IGAP, resultado do somat\u00f3rio dos 15 indicadores que comp\u00f5em o \u00cdndice de Gest\u00e3o da Autoridade Portu\u00e1ria (IGAP). Este \u00e9 um balizador da gest\u00e3o portu\u00e1ria dos portos p\u00fablicos brasileiros.<\/p>\n<p>As categorias avaliadas s\u00e3o: crescimento da movimenta\u00e7\u00e3o total dos portos p\u00fablicos e das TUPs; crescimento da movimenta\u00e7\u00e3o de granel s\u00f3lido e granel l\u00edquido; crescimento da movimenta\u00e7\u00e3o de cont\u00eaineres e carga geral; categoria igualdade de g\u00eanero; ranking avan\u00e7o Igap e ranking Igap.<\/p>\n<p>As metodologias utilizadas para os c\u00e1lculos ser\u00e3o disponibilizados no site do Minist\u00e9rio de Portos e Aeroportos (MPor) ap\u00f3s a realiza\u00e7\u00e3o do evento.<\/p>\n<p><strong>Confira a lista dos premiados<\/strong><\/p>\n<ul class=\"wp-block-list\">\n<li>Ranking Igap \u2013 Portos do Paran\u00e1 \/ Suape Complexo industrial portu\u00e1rio governador Eraldo Gueiros;<\/li>\n<li>Ranking Avan\u00e7o Igap \u2013 Companhia Docas de Santana;<\/li>\n<li>Crescimento da movimenta\u00e7\u00e3o carga geral \u2013 Terminal portu\u00e1rio de Pec\u00e9m;<\/li>\n<li>Crescimento da movimenta\u00e7\u00e3o cont\u00eaineres \u2013 Portos RS \u2013 Porto do Rio Grande;<\/li>\n<li>Crescimento da movimenta\u00e7\u00e3o granel l\u00edquido \u2013 Terminal de Petr\u00f3leo do A\u00e7u\/Vast Infraestrutura;<\/li>\n<li>Crescimento da movimenta\u00e7\u00e3o granel s\u00f3lido \u2013 Porto de S\u00e3o Francisco do Sul;<\/li>\n<li>Crescimento da movimenta\u00e7\u00e3o total dos TUPs \u2013 Cargil Agr\u00edcola\/PA;<\/li>\n<li>Crescimento da movimenta\u00e7\u00e3o total dos portos p\u00fablicos \u2013 Porto de S\u00e3o Francisco do Sul;<\/li>\n<li>Igualdade de g\u00eanero \u2013 TUPs \u2013 Terminal de gr\u00e3os Ponta da Montanha;<\/li>\n<li>Igualdade de g\u00eanero \u2013 Portos Organizados \u2013 Docas\/PB \u2013 Companhia Docas da Para\u00edba.<\/li>\n<\/ul>\n<p><strong>Crescimento do setor portu\u00e1rio<\/strong><\/p>\n<p>A premia\u00e7\u00e3o dos melhores portos brasileiros mostra que o setor tem avan\u00e7ado nos \u00faltimos anos. Nesta ter\u00e7a, foram divulgados os dados de movimenta\u00e7\u00e3o do modal no \u00faltimo semestre. De acordo com dados da Ag\u00eancia Nacional de Transportes Aquavi\u00e1rios (Antaq), os portos brasileiros apresentaram os melhores resultados dos \u00faltimos 14 anos para o semestre, com crescimento de 4,28% em compara\u00e7\u00e3o com o mesmo per\u00edodo do ano passado.\u00a0De janeiro a junho de 2024, os portos brasileiros movimentaram 644,76 milh\u00f5es de toneladas de cargas\u00a0(clique no link para acessar).<\/p>\n<p>Fonte: Minist\u00e9rio de Portos e Aeroportos<\/p>\n","protected":false},"excerpt":{"rendered":"<p>O Pr\u00eamio Portos + Brasil anunciou, na noite desta ter\u00e7a-feira (7), os vencedores das principais categorias da 5\u00aa edi\u00e7\u00e3o da premia\u00e7\u00e3o, com destaque para movimenta\u00e7\u00e3o,&#8230;<\/p>\n","protected":false},"author":1527,"featured_media":53177,"comment_status":"closed","ping_status":"closed","sticky":false,"template":"","format":"standard","meta":{"footnotes":""},"categories":[6],"tags":[],"class_list":["post-53175","post","type-post","status-publish","format-standard","has-post-thumbnail","hentry","category-noticias"],"_links":{"self":[{"href":"https:\/\/www.sincomam.org.br\/index.php\/wp-json\/wp\/v2\/posts\/53175","targetHints":{"allow":["GET"]}}],"collection":[{"href":"https:\/\/www.sincomam.org.br\/index.php\/wp-json\/wp\/v2\/posts"}],"about":[{"href":"https:\/\/www.sincomam.org.br\/index.php\/wp-json\/wp\/v2\/types\/post"}],"author":[{"embeddable":true,"href":"https:\/\/www.sincomam.org.br\/index.php\/wp-json\/wp\/v2\/users\/1527"}],"replies":[{"embeddable":true,"href":"https:\/\/www.sincomam.org.br\/index.php\/wp-json\/wp\/v2\/comments?post=53175"}],"version-history":[{"count":1,"href":"https:\/\/www.sincomam.org.br\/index.php\/wp-json\/wp\/v2\/posts\/53175\/revisions"}],"predecessor-version":[{"id":53178,"href":"https:\/\/www.sincomam.org.br\/index.php\/wp-json\/wp\/v2\/posts\/53175\/revisions\/53178"}],"wp:featuredmedia":[{"embeddable":true,"href":"https:\/\/www.sincomam.org.br\/index.php\/wp-json\/wp\/v2\/media\/53177"}],"wp:attachment":[{"href":"https:\/\/www.sincomam.org.br\/index.php\/wp-json\/wp\/v2\/media?parent=53175"}],"wp:term":[{"taxonomy":"category","embeddable":true,"href":"https:\/\/www.sincomam.org.br\/index.php\/wp-json\/wp\/v2\/categories?post=53175"},{"taxonomy":"post_tag","embeddable":true,"href":"https:\/\/www.sincomam.org.br\/index.php\/wp-json\/wp\/v2\/tags?post=53175"}],"curies":[{"name":"wp","href":"https:\/\/api.w.org\/{rel}","templated":true}]}}