{"id":53150,"date":"2024-08-07T08:55:11","date_gmt":"2024-08-07T11:55:11","guid":{"rendered":"http:\/\/www.sincomam.org.br\/?p=53150"},"modified":"2024-08-07T08:55:11","modified_gmt":"2024-08-07T11:55:11","slug":"com-seca-severa-rio-madeira-chega-a-menor-nivel-em-quase-60-anos","status":"publish","type":"post","link":"https:\/\/www.sincomam.org.br\/index.php\/com-seca-severa-rio-madeira-chega-a-menor-nivel-em-quase-60-anos\/","title":{"rendered":"Com seca severa, rio Madeira chega a menor n\u00edvel em quase 60 anos"},"content":{"rendered":"<p>Com registros alarmantes a cada dia e que indicam m\u00ednimas hist\u00f3ricas no Rio Madeira, a prefeitura de Porto Velho divulgou nesta ter\u00e7a-feira (6) uma recomenda\u00e7\u00e3o para que os cidad\u00e3os fa\u00e7am &#8220;uso essencial&#8221; de \u00e1gua e evitem ao m\u00e1ximo o desperd\u00edcio.<img decoding=\"async\" src=\"https:\/\/agenciabrasil.ebc.com.br\/ebc.png?id=1606796&amp;o=node\" \/><img decoding=\"async\" src=\"https:\/\/agenciabrasil.ebc.com.br\/ebc.gif?id=1606796&amp;o=node\" \/><\/p>\n<p>Em situa\u00e7\u00e3o de seca cr\u00edtica, a Regi\u00e3o Norte enfrenta os reflexos de seguidas estiagens registradas nos \u00faltimos anos. Nesta ter\u00e7a-feira, o Rio Madeira registrou 2,07 metros em Porto Velho, o n\u00edvel mais baixo j\u00e1 registrado para essa \u00e9poca do ano desde que os dados come\u00e7aram a ser coletados, em 1967. No final do m\u00eas de julho, a situa\u00e7\u00e3o era a mesma: 2,45 metros, a menor marca para o per\u00edodo.<\/p>\n<p>Ao se aproximar da cota dos 2 metros, os dados indicam a gravidade do cen\u00e1rio. No dia 6 de outubro de 2023, segundo o Servi\u00e7o Geol\u00f3gico do Brasil (SGB), foi registrada a cota mais baixa da hist\u00f3ria: 1,10 m.<\/p>\n<p>Marcus Suassuna, engenheiro hidr\u00f3logo do SGB e respons\u00e1vel pelo monitoramento da Bacia do Rio Madeira, informa que, para o m\u00eas de agosto, a m\u00e9dia hist\u00f3rica \u00e9 de aproximadamente 5,3 metros, ou seja, a situa\u00e7\u00e3o atual \u00e9 de mais de tr\u00eas metros abaixo do n\u00edvel considerado normal.<\/p>\n<p>Segundo Suassuna, a estiagem n\u00e3o \u00e9 in\u00e9dita este ano e \u00e9 causada por fatores como o aquecimento do Oceano Atl\u00e2ntico Norte e o Fen\u00f4meno El Ni\u00f1o. Dos seis per\u00edodos mais cr\u00edticos, cinco foram nos \u00faltimos anos.<\/p>\n<p>&#8220;A esta\u00e7\u00e3o chuvosa inteira foi muito ruim, o que fez com que a seca no ano passado se prolongasse. Em consequ\u00eancia, o n\u00edvel do Rio Madeira come\u00e7ou a subir muito tarde e de maneira muito fraca&#8221;, disse.<\/p>\n<p>Em rela\u00e7\u00e3o \u00e0s mudan\u00e7as clim\u00e1ticas, o especialista diz que fen\u00f4menos como o El Ni\u00f1o mostram sinais mais evidentes em um planeta mais quente, como tem sido constatado recentemente.<\/p>\n<h2>Menos consumo de \u00e1gua<\/h2>\n<p>Em comunicado divulgado nesta ter\u00e7a-feira, a prefeitura de Porto Velho orientou a popula\u00e7\u00e3o para que fa\u00e7a &#8220;uso essencial de \u00e1gua e que as pessoas evitem qualquer tipo de desperd\u00edcio&#8221;.<\/p>\n<p>Ainda segundo o munic\u00edpio, o transporte pelo rio segue com capacidade reduzida e, &#8220;para a seguran\u00e7a das pessoas, a Defesa Civil Municipal n\u00e3o recomenda que banhistas frequentem as praias do Madeira, por causa do perigo de afogamentos e ataques de animais como jacar\u00e9s, cobras e arraias, entre outros&#8221;.<\/p>\n<h2>Redu\u00e7\u00e3o do impacto<\/h2>\n<p>A prefeitura informou \u00e0\u00a0<strong>Ag\u00eancia Brasil<\/strong>\u00a0que, nas pr\u00f3ximas semanas, cerca de 120 mil litros de \u00e1gua ser\u00e3o distribu\u00eddos para comunidades localizadas ao longo do rio Madeira. O apoio seguir\u00e1 nos meses de setembro e outubro, conforme cronograma a ser definido pela Defesa Civil.<\/p>\n<p>&#8220;Por meio de transporte terrestre, 338 fam\u00edlias cadastradas das comunidades Silveira, S\u00e3o Miguel, Mutuns, Pau D\u2019Arco, Cujubim, Bom Jardim e Marmelo ser\u00e3o abastecidas com fardos de \u00e1gua mineral. J\u00e1 pelo meio fluvial, as embarca\u00e7\u00f5es contemplar\u00e3o 78 fam\u00edlias das comunidades de Curicacas, Pombal, S\u00e3o Jos\u00e9, Ilha Nova e Concei\u00e7\u00e3o do Galera&#8221;, afirmou o munic\u00edpio.<\/p>\n<p>J\u00e1 o SGB informou que tem realizado estudos no estado &#8211; em parceria com outros \u00f3rg\u00e3os e prefeituras \u2013 para identificar os melhores locais para a perfura\u00e7\u00e3o de po\u00e7os destinados ao abastecimento p\u00fablico, de modo a garantir \u00e1gua de qualidade para a popula\u00e7\u00e3o.<\/p>\n<p>Para que a situa\u00e7\u00e3o se reverta, \u00e9 necess\u00e1rio chover principalmente na Bol\u00edvia, j\u00e1 que 75% da bacia do Rio Madeira se encontra no pa\u00eds vizinho.<\/p>\n<p>Ainda de acordo com a prefeitura, as equipes da Defesa Civil est\u00e3o verificando as condi\u00e7\u00f5es dos po\u00e7os amaz\u00f4nicos que abastecem as casas, e distribuindo hipoclorito de s\u00f3dio com a finalidade de purificar a \u00e1gua para consumo humano.<\/p>\n<h2>Bacia do Rio Amazonas<\/h2>\n<p>No \u00faltimo dia 30 de julho, a Ag\u00eancia Nacional de \u00c1guas e Saneamento B\u00e1sico (ANA) declarou\u00a0situa\u00e7\u00e3o de Escassez Quantitativa de Recursos H\u00eddricos nos rios Madeira e Purus\u00a0e seus afluentes, que correm no sudoeste do Amazonas. Uma semana antes, o Minist\u00e9rio da Integra\u00e7\u00e3o e do Desenvolvimento Regional (MIDR) reconhecera situa\u00e7\u00e3o de emerg\u00eancia na capital e em mais 17 cidades do estado que enfrentam a seca severa.<\/p>\n<p>De acordo com Marcus Suassuna, a situa\u00e7\u00e3o tamb\u00e9m \u00e9 cr\u00edtica nas bacias dos rios Acre e Tapaj\u00f3s, o que pode gerar consequ\u00eancias em outros estados da regi\u00e3o amaz\u00f4nica como Acre, Par\u00e1 e Amazonas.<\/p>\n<p>No Madeira, est\u00e3o localizadas as usinas hidrel\u00e9tricas de Jirau e Santo Ant\u00f4nio. Al\u00e9m disso, o rio\u00a0serve como importante hidrovia usada para transporte fluvial de carga e passageiros. O trecho naveg\u00e1vel de 1.060 quil\u00f4metros\u00a0entre Porto Velho e Itacoatiara (AM) transportou de 6.538.079 toneladas em 2022, o que corresponde a 9,2% do total transportado por vias interiores no Brasil.<\/p>\n<p>Fonte: Ag\u00eancia Brasil<\/p>\n","protected":false},"excerpt":{"rendered":"<p>Com registros alarmantes a cada dia e que indicam m\u00ednimas hist\u00f3ricas no Rio Madeira, a prefeitura de Porto Velho divulgou nesta ter\u00e7a-feira (6) uma recomenda\u00e7\u00e3o&#8230;<\/p>\n","protected":false},"author":1527,"featured_media":53152,"comment_status":"closed","ping_status":"closed","sticky":false,"template":"","format":"standard","meta":{"footnotes":""},"categories":[6],"tags":[],"class_list":["post-53150","post","type-post","status-publish","format-standard","has-post-thumbnail","hentry","category-noticias"],"_links":{"self":[{"href":"https:\/\/www.sincomam.org.br\/index.php\/wp-json\/wp\/v2\/posts\/53150","targetHints":{"allow":["GET"]}}],"collection":[{"href":"https:\/\/www.sincomam.org.br\/index.php\/wp-json\/wp\/v2\/posts"}],"about":[{"href":"https:\/\/www.sincomam.org.br\/index.php\/wp-json\/wp\/v2\/types\/post"}],"author":[{"embeddable":true,"href":"https:\/\/www.sincomam.org.br\/index.php\/wp-json\/wp\/v2\/users\/1527"}],"replies":[{"embeddable":true,"href":"https:\/\/www.sincomam.org.br\/index.php\/wp-json\/wp\/v2\/comments?post=53150"}],"version-history":[{"count":1,"href":"https:\/\/www.sincomam.org.br\/index.php\/wp-json\/wp\/v2\/posts\/53150\/revisions"}],"predecessor-version":[{"id":53153,"href":"https:\/\/www.sincomam.org.br\/index.php\/wp-json\/wp\/v2\/posts\/53150\/revisions\/53153"}],"wp:featuredmedia":[{"embeddable":true,"href":"https:\/\/www.sincomam.org.br\/index.php\/wp-json\/wp\/v2\/media\/53152"}],"wp:attachment":[{"href":"https:\/\/www.sincomam.org.br\/index.php\/wp-json\/wp\/v2\/media?parent=53150"}],"wp:term":[{"taxonomy":"category","embeddable":true,"href":"https:\/\/www.sincomam.org.br\/index.php\/wp-json\/wp\/v2\/categories?post=53150"},{"taxonomy":"post_tag","embeddable":true,"href":"https:\/\/www.sincomam.org.br\/index.php\/wp-json\/wp\/v2\/tags?post=53150"}],"curies":[{"name":"wp","href":"https:\/\/api.w.org\/{rel}","templated":true}]}}