{"id":53138,"date":"2024-08-07T07:33:22","date_gmt":"2024-08-07T10:33:22","guid":{"rendered":"http:\/\/www.sincomam.org.br\/?p=53138"},"modified":"2024-08-07T07:33:22","modified_gmt":"2024-08-07T10:33:22","slug":"marinha-realiza-operacoes-combinadas-com-forcas-navais-estrangeiras-em-aguas-internacionais","status":"publish","type":"post","link":"https:\/\/www.sincomam.org.br\/index.php\/marinha-realiza-operacoes-combinadas-com-forcas-navais-estrangeiras-em-aguas-internacionais\/","title":{"rendered":"Marinha realiza opera\u00e7\u00f5es combinadas com For\u00e7as Navais estrangeiras em \u00e1guas internacionais"},"content":{"rendered":"<p class=\"text-align-justify\">A Marinha do Brasil (MB) deu in\u00edcio, nesta segunda-feira (5), ao deslocamento da Fragata \u201cLiberal\u201d, com aeronave AH-11B \u201cSuper Lynx\u201d embarcada, para participar das Opera\u00e7\u00f5es \u201cFraterno XXXVII\u201d, \u201cUnitas LXV\u201d e \u201cSolidarex IV\u201d. A For\u00e7a realizar\u00e1 opera\u00e7\u00f5es navais combinadas com as Marinhas da Argentina, Chile, Col\u00f4mbia, Equador, Estados Unidos da Am\u00e9rica (EUA), M\u00e9xico, Reino Unido e Peru, contribuindo para o incremento do n\u00edvel de adestramento dos meios da Esquadra brasileira, al\u00e9m de promover a coopera\u00e7\u00e3o e o estreitamento de la\u00e7os de amizade entre as Marinhas.<\/p>\n<h5 class=\"text-align-justify\">Opera\u00e7\u00f5es \u201cFraterno XXXVII\u201d<\/h5>\n<p class=\"text-align-justify\">A primeira dessas Opera\u00e7\u00f5es ter\u00e1 in\u00edcio no dia 12 de agosto, quando a Fragata \u201cLiberal\u201d e o Submarino \u201cTikuna\u201d realizar\u00e3o exerc\u00edcios com a Armada da Rep\u00fablica da Argentina, em \u00c1guas Jurisdicionais daquele pa\u00eds.<\/p>\n<p class=\"text-align-justify\">Durante o per\u00edodo dessa opera\u00e7\u00e3o, que ser\u00e1 encerrada em 21 de agosto, militares brasileiros e argentinos participar\u00e3o de exerc\u00edcios de tiro, manobras t\u00e1ticas, exerc\u00edcios com submarinos, tr\u00e2nsito sob amea\u00e7a a\u00e9rea, entre outros.<\/p>\n<p class=\"text-align-justify\">A Armada Argentina vai empregar nos exerc\u00edcios as Corvetas classe Meko 140 \u201cRobinson\u201d, \u201cEspora\u201d e \u201cRosales\u201d, os Contratorpedeiros classe Meko 360 \u201cLa Argentina\u201d e \u201cSarandi\u201d, e o Navio-Patrulha \u201cAlmirante Storni\u201d al\u00e9m das aeronaves Fennec, Mentor, Cormor\u00e1n e o Tracker.<\/p>\n<p class=\"text-align-justify\">Realizada h\u00e1 mais de 45 anos, a 37\u00aa edi\u00e7\u00e3o da Opera\u00e7\u00e3o \u201cFraterno\u201d visa contribuir para o incremento da interoperabilidade dos meios da Esquadra brasileira e argentina, bem como refor\u00e7ar o bom relacionamento entre essas Marinhas, fortalecendo, tamb\u00e9m, iniciativas no contexto regional, como a Zona de Paz e Coopera\u00e7\u00e3o do Atl\u00e2ntico Sul (ZOPACAS).<\/p>\n<h5 class=\"text-align-justify\">Opera\u00e7\u00f5es \u201cUnitas\u201d e \u201cSolidarex\u201d<\/h5>\n<p class=\"text-align-justify\">Ap\u00f3s a \u201cFraterno XXXVII\u201d, ser\u00e3o realizadas as Opera\u00e7\u00f5es \u201cUnitas LXV\u201d, entre os dias 2 e 11 de setembro, e \u201cSolidarex IV\u201d, de 18 a 26 de setembro.<\/p>\n<p class=\"text-align-justify\">Esta edi\u00e7\u00e3o da \u201cUnitas\u201d ser\u00e1 uma opera\u00e7\u00e3o anf\u00edbia, que contemplar\u00e1 a forma\u00e7\u00e3o de uma For\u00e7a Naval multinacional entre as Marinhas do Brasil, Argentina, Chile, Col\u00f4mbia, M\u00e9xico, Equador, EUA, Reino Unido e Peru, para operar em apoio m\u00fatuo. Os exerc\u00edcios acontecer\u00e3o nas \u00c1guas Jurisdicionais Chilenas.<\/p>\n<p class=\"text-align-justify\">Por fim, ser\u00e1 realizada a \u201cSolidarex\u201d, que \u00e9 um exerc\u00edcio de assist\u00eancia humanit\u00e1ria em resposta a um desastre, simulando um terremoto de grandes propor\u00e7\u00f5es no Peru, com a participa\u00e7\u00e3o do Brasil, Col\u00f4mbia, Equador, M\u00e9xico, EUA e do pa\u00eds anfitri\u00e3o.<\/p>\n<p class=\"text-align-justify\">O Grupo-Tarefa brasileiro da Opera\u00e7\u00e3o \u201cFraterno\u201d \u00e9 comandado pelo Contra-Almirante Nelson de Oliveira Leite, Comandante da 1\u00aa Divis\u00e3o da Esquadra, que explica a import\u00e2ncia da realiza\u00e7\u00e3o desta comiss\u00e3o, com tr\u00eas opera\u00e7\u00f5es combinadas em sequ\u00eancia. \u201cDurante todo o per\u00edodo, realizaremos opera\u00e7\u00f5es cl\u00e1ssicas da guerra naval, que contemplam todos os campos de atua\u00e7\u00e3o do Poder Naval brasileiro: Defesa Naval, Seguran\u00e7a Mar\u00edtima, Diplomacia Naval e Apoio \u00e0s a\u00e7\u00f5es do Estado\u201d, explicou o Almirante.<\/p>\n<p>Fonte: Ag\u00eancia Marinha de Not\u00edcias<\/p>\n","protected":false},"excerpt":{"rendered":"<p>A Marinha do Brasil (MB) deu in\u00edcio, nesta segunda-feira (5), ao deslocamento da Fragata \u201cLiberal\u201d, com aeronave AH-11B \u201cSuper Lynx\u201d embarcada, para participar das Opera\u00e7\u00f5es&#8230;<\/p>\n","protected":false},"author":1527,"featured_media":53140,"comment_status":"closed","ping_status":"closed","sticky":false,"template":"","format":"standard","meta":{"footnotes":""},"categories":[6],"tags":[],"class_list":["post-53138","post","type-post","status-publish","format-standard","has-post-thumbnail","hentry","category-noticias"],"_links":{"self":[{"href":"https:\/\/www.sincomam.org.br\/index.php\/wp-json\/wp\/v2\/posts\/53138","targetHints":{"allow":["GET"]}}],"collection":[{"href":"https:\/\/www.sincomam.org.br\/index.php\/wp-json\/wp\/v2\/posts"}],"about":[{"href":"https:\/\/www.sincomam.org.br\/index.php\/wp-json\/wp\/v2\/types\/post"}],"author":[{"embeddable":true,"href":"https:\/\/www.sincomam.org.br\/index.php\/wp-json\/wp\/v2\/users\/1527"}],"replies":[{"embeddable":true,"href":"https:\/\/www.sincomam.org.br\/index.php\/wp-json\/wp\/v2\/comments?post=53138"}],"version-history":[{"count":1,"href":"https:\/\/www.sincomam.org.br\/index.php\/wp-json\/wp\/v2\/posts\/53138\/revisions"}],"predecessor-version":[{"id":53141,"href":"https:\/\/www.sincomam.org.br\/index.php\/wp-json\/wp\/v2\/posts\/53138\/revisions\/53141"}],"wp:featuredmedia":[{"embeddable":true,"href":"https:\/\/www.sincomam.org.br\/index.php\/wp-json\/wp\/v2\/media\/53140"}],"wp:attachment":[{"href":"https:\/\/www.sincomam.org.br\/index.php\/wp-json\/wp\/v2\/media?parent=53138"}],"wp:term":[{"taxonomy":"category","embeddable":true,"href":"https:\/\/www.sincomam.org.br\/index.php\/wp-json\/wp\/v2\/categories?post=53138"},{"taxonomy":"post_tag","embeddable":true,"href":"https:\/\/www.sincomam.org.br\/index.php\/wp-json\/wp\/v2\/tags?post=53138"}],"curies":[{"name":"wp","href":"https:\/\/api.w.org\/{rel}","templated":true}]}}