{"id":53097,"date":"2024-08-05T09:48:12","date_gmt":"2024-08-05T12:48:12","guid":{"rendered":"http:\/\/www.sincomam.org.br\/?p=53097"},"modified":"2024-08-05T09:48:12","modified_gmt":"2024-08-05T12:48:12","slug":"cooperaportos-deste-ano-vai-abordar-boas-praticas-socioambientais-no-setor-portuario-2","status":"publish","type":"post","link":"https:\/\/www.sincomam.org.br\/index.php\/cooperaportos-deste-ano-vai-abordar-boas-praticas-socioambientais-no-setor-portuario-2\/","title":{"rendered":"CooperaPortos deste ano vai abordar boas pr\u00e1ticas socioambientais no setor portu\u00e1rio"},"content":{"rendered":"<p dir=\"ltr\">A Ag\u00eancia Nacional de Transportes Aquavi\u00e1rios (ANTAQ) e a Portos do Paran\u00e1 v\u00e3o realizar o XXXI CooperaPortos entre os dias 21 e 23 de agosto em Paranagu\u00e1 (PR).<\/p>\n<p dir=\"ltr\">O tema deste ano \u00e9 \u201cBoas Pr\u00e1ticas Socioambientais no Setor Portu\u00e1rio\u201d. Entre os assuntos que v\u00e3o ser debatidos est\u00e3o sustentabilidade aquavi\u00e1ria, o avan\u00e7o do \u00cdndice de Desempenho Ambiental (IDA), entre outros t\u00f3picos de extrema relev\u00e2ncia para o setor.<\/p>\n<p dir=\"ltr\">O CooperaPortos \u00e9 uma iniciativa priorit\u00e1ria da agenda ambiental da Ag\u00eancia e objetiva promover o di\u00e1logo entre os diversos atores da gest\u00e3o portu\u00e1ria, possibilitando o debate e a busca de solu\u00e7\u00f5es para a atua\u00e7\u00e3o dos portos frente aos desafios de sua opera\u00e7\u00e3o, bem como a troca de experi\u00eancia e de difus\u00e3o de boas pr\u00e1ticas, al\u00e9m do di\u00e1logo interinstitucional.<\/p>\n<p dir=\"ltr\">O evento contar\u00e1 com a presen\u00e7a de representantes dos setores p\u00fablico e privado e ocorrer\u00e1 de forma h\u00edbrida. Interessados em acompanhar a transmiss\u00e3o do XXXI CooperaPortos devem se inscrever por meio deste\u00a0<a href=\"https:\/\/forms.office.com\/pages\/responsepage.aspx?id=J_dXjl4OMEGOJC1ffIw49uxH5bSpcvxIuoR3hl_5kpJUREE1OVVIRFBLSkxRVDJCTFMyTUFNQ0JXUS4u\">link<\/a>. A programa\u00e7\u00e3o do evento vai ser divulgada em breve.<\/p>\n<p dir=\"ltr\"><strong>Protocolo de inten\u00e7\u00f5es<\/strong><\/p>\n<p dir=\"ltr\">O XXXI Cooperaportos \u00e9 realizado no contexto do Protocolo de Inten\u00e7\u00f5es firmado entre a ANTAQ e a Associa\u00e7\u00e3o Brasileira das Entidades Portu\u00e1rias e Hidrovi\u00e1rias (ABEPH), a Associa\u00e7\u00e3o de Terminais Portu\u00e1rios Privados (ATP) e a Associa\u00e7\u00e3o Brasileira dos Terminais Portu\u00e1rios (ABTP) com o intuito de promover interc\u00e2mbio de informa\u00e7\u00f5es para o desenvolvimento de projetos, iniciativas e de boas pr\u00e1ticas.<\/p>\n<p dir=\"ltr\">Os temas de interesse deste protocolo s\u00e3o: gest\u00e3o ambiental, ESG, governan\u00e7a, gest\u00e3o de qualidade, gest\u00e3o de sa\u00fade e seguran\u00e7a do trabalho, responsabilidade social e opera\u00e7\u00f5es portu\u00e1rias.<\/p>\n<p dir=\"ltr\">Fonte: Antaq<\/p>\n","protected":false},"excerpt":{"rendered":"<p>A Ag\u00eancia Nacional de Transportes Aquavi\u00e1rios (ANTAQ) e a Portos do Paran\u00e1 v\u00e3o realizar o XXXI CooperaPortos entre os dias 21 e 23 de agosto&#8230;<\/p>\n","protected":false},"author":1527,"featured_media":53099,"comment_status":"closed","ping_status":"closed","sticky":false,"template":"","format":"standard","meta":{"footnotes":""},"categories":[6],"tags":[],"class_list":["post-53097","post","type-post","status-publish","format-standard","has-post-thumbnail","hentry","category-noticias"],"_links":{"self":[{"href":"https:\/\/www.sincomam.org.br\/index.php\/wp-json\/wp\/v2\/posts\/53097","targetHints":{"allow":["GET"]}}],"collection":[{"href":"https:\/\/www.sincomam.org.br\/index.php\/wp-json\/wp\/v2\/posts"}],"about":[{"href":"https:\/\/www.sincomam.org.br\/index.php\/wp-json\/wp\/v2\/types\/post"}],"author":[{"embeddable":true,"href":"https:\/\/www.sincomam.org.br\/index.php\/wp-json\/wp\/v2\/users\/1527"}],"replies":[{"embeddable":true,"href":"https:\/\/www.sincomam.org.br\/index.php\/wp-json\/wp\/v2\/comments?post=53097"}],"version-history":[{"count":1,"href":"https:\/\/www.sincomam.org.br\/index.php\/wp-json\/wp\/v2\/posts\/53097\/revisions"}],"predecessor-version":[{"id":53100,"href":"https:\/\/www.sincomam.org.br\/index.php\/wp-json\/wp\/v2\/posts\/53097\/revisions\/53100"}],"wp:featuredmedia":[{"embeddable":true,"href":"https:\/\/www.sincomam.org.br\/index.php\/wp-json\/wp\/v2\/media\/53099"}],"wp:attachment":[{"href":"https:\/\/www.sincomam.org.br\/index.php\/wp-json\/wp\/v2\/media?parent=53097"}],"wp:term":[{"taxonomy":"category","embeddable":true,"href":"https:\/\/www.sincomam.org.br\/index.php\/wp-json\/wp\/v2\/categories?post=53097"},{"taxonomy":"post_tag","embeddable":true,"href":"https:\/\/www.sincomam.org.br\/index.php\/wp-json\/wp\/v2\/tags?post=53097"}],"curies":[{"name":"wp","href":"https:\/\/api.w.org\/{rel}","templated":true}]}}